                       {"id":19164,"date":"2021-04-19T15:08:36","date_gmt":"2021-04-19T21:08:36","guid":{"rendered":"https:\/\/laultimapalabra.com.mx\/portal\/?p=19164"},"modified":"2024-12-11T10:03:01","modified_gmt":"2024-12-11T16:03:01","slug":"arrancara-gobierno-de-cadereyta-segunda-fase-de-vacunacion-contra-covid-19-en-adultos-mayores","status":"publish","type":"post","link":"https:\/\/laultimapalabra.com.mx\/portal\/arrancara-gobierno-de-cadereyta-segunda-fase-de-vacunacion-contra-covid-19-en-adultos-mayores\/","title":{"rendered":"Arrancar\u00e1 Gobierno de Cadereyta Segunda Fase de Vacunaci\u00f3n contra Covid 19 en adultos mayores"},"content":{"rendered":"<p><span style=\"font-size: 1rem;\"><img loading=\"lazy\" decoding=\"async\" class=\"size-medium wp-image-19159 alignleft\" src=\"https:\/\/laultimapalabra.com.mx\/portal\/wp-content\/uploads\/2021\/04\/IMG-20210419-WA0018-300x200.jpg\" alt=\"\" width=\"300\" height=\"200\" srcset=\"https:\/\/laultimapalabra.com.mx\/portal\/wp-content\/uploads\/2021\/04\/IMG-20210419-WA0018-300x200.jpg 300w, https:\/\/laultimapalabra.com.mx\/portal\/wp-content\/uploads\/2021\/04\/IMG-20210419-WA0018-1024x682.jpg 1024w, https:\/\/laultimapalabra.com.mx\/portal\/wp-content\/uploads\/2021\/04\/IMG-20210419-WA0018-768x512.jpg 768w, https:\/\/laultimapalabra.com.mx\/portal\/wp-content\/uploads\/2021\/04\/IMG-20210419-WA0018.jpg 1280w\" sizes=\"auto, (max-width: 300px) 100vw, 300px\" \/>Cadereyta Jimenez, N.L.- Como parte de la estrategia de vacunaci\u00f3n contra el COVID-19, este mi\u00e9rcoles 21 de abril arrancar\u00e1 la segunda aplicaci\u00f3n de vacunas para adultos mayores en el municipio de Cadereyta Jim\u00e9nez en coordinaci\u00f3n con el Estado y la Federaci\u00f3n.<\/span><\/p>\n<p>El Gobierno Municipal a trav\u00e9s del Encargado de Despacho C. Am\u00e9rico Montemayor Garc\u00eda, el Secretario de Ayuntamiento, Lic. Gilberto Cardoza Garc\u00eda, el Secretario de Desarrollo Social Municipal, Lic. Mario Cant\u00fa Rodr\u00edguez y Evelinda Rodr\u00edguez Lozano, encargada del DIF Municipal, informaron que repetir\u00e1n los cuatro m\u00f3dulos de vacunaci\u00f3n, los cuales estar\u00e1n dando servicio los d\u00edas mi\u00e9rcoles 21 y jueves 22 de abril.<\/p>\n<p>Los puntos de aplicaci\u00f3n en la zona urbana ser\u00e1n en la Escuela Secundaria Profr. Emilio Rodr\u00edguez Cort\u00e9s y en la Unidad Deportiva Alfonso Mtz. Dom\u00ednguez y para el \u00e1rea rural en la Delegaci\u00f3n Atongo en la Escuela Primaria Ger\u00f3nimo Trevi\u00f1o y en la Delegaci\u00f3n San Juan, en el centro social.<\/p>\n<p>Durante la rueda de prensa se dio a conocer la log\u00edstica de dicha vacunaci\u00f3n, donde el Secretario de Ayuntamiento inform\u00f3 que la segunda dosis de la vacuna contra Covid-19, se aplicar\u00e1 \u00fanicamente a los adultos mayores de 60 a\u00f1os que ya hayan recibido la primera dosis y cuenten con la documentaci\u00f3n adecuada que lo acredite.<\/p>\n<p>El horario a desarrollar la aplicaci\u00f3n de dicha vacuna ser\u00e1 de 8:00 A.M. a 4:00 P.M. en los lugares antes mencionados.<\/p>\n<p>Los adultos mayores que acudan deben llevar su n\u00famero de folio de registro, el CURP y su identificaci\u00f3n oficial.<\/p>\n","protected":false},"excerpt":{"rendered":"<p>Cadereyta Jimenez, N.L.- Como parte de la estrategia de vacunaci\u00f3n contra el COVID-19, este mi\u00e9rcoles 21 de abril arrancar\u00e1 la segunda aplicaci\u00f3n de vacunas para adultos mayores en el municipio de Cadereyta Jim\u00e9nez en coordinaci\u00f3n con el Estado y la Federaci\u00f3n. El Gobierno Municipal a trav\u00e9s del Encargado de Despacho C. Am\u00e9rico Montemayor Garc\u00eda, el [&hellip;]<\/p>\n","protected":false},"author":9,"featured_media":19160,"comment_status":"closed","ping_status":"closed","sticky":false,"template":"","format":"standard","meta":{"footnotes":""},"categories":[17],"tags":[1147],"class_list":["post-19164","post","type-post","status-publish","format-standard","has-post-thumbnail","hentry","category-locales-cadereyta","tag-gilberto-cardoza"],"_links":{"self":[{"href":"https:\/\/laultimapalabra.com.mx\/portal\/wp-json\/wp\/v2\/posts\/19164","targetHints":{"allow":["GET"]}}],"collection":[{"href":"https:\/\/laultimapalabra.com.mx\/portal\/wp-json\/wp\/v2\/posts"}],"about":[{"href":"https:\/\/laultimapalabra.com.mx\/portal\/wp-json\/wp\/v2\/types\/post"}],"author":[{"embeddable":true,"href":"https:\/\/laultimapalabra.com.mx\/portal\/wp-json\/wp\/v2\/users\/9"}],"replies":[{"embeddable":true,"href":"https:\/\/laultimapalabra.com.mx\/portal\/wp-json\/wp\/v2\/comments?post=19164"}],"version-history":[{"count":3,"href":"https:\/\/laultimapalabra.com.mx\/portal\/wp-json\/wp\/v2\/posts\/19164\/revisions"}],"predecessor-version":[{"id":72854,"href":"https:\/\/laultimapalabra.com.mx\/portal\/wp-json\/wp\/v2\/posts\/19164\/revisions\/72854"}],"wp:featuredmedia":[{"embeddable":true,"href":"https:\/\/laultimapalabra.com.mx\/portal\/wp-json\/wp\/v2\/media\/19160"}],"wp:attachment":[{"href":"https:\/\/laultimapalabra.com.mx\/portal\/wp-json\/wp\/v2\/media?parent=19164"}],"wp:term":[{"taxonomy":"category","embeddable":true,"href":"https:\/\/laultimapalabra.com.mx\/portal\/wp-json\/wp\/v2\/categories?post=19164"},{"taxonomy":"post_tag","embeddable":true,"href":"https:\/\/laultimapalabra.com.mx\/portal\/wp-json\/wp\/v2\/tags?post=19164"}],"curies":[{"name":"wp","href":"https:\/\/api.w.org\/{rel}","templated":true}]}}