                       {"id":19173,"date":"2021-04-20T21:18:44","date_gmt":"2021-04-21T03:18:44","guid":{"rendered":"https:\/\/laultimapalabra.com.mx\/portal\/?p=19173"},"modified":"2024-12-11T10:03:01","modified_gmt":"2024-12-11T16:03:01","slug":"buscara-chendo-garza-rescatar-espacios-publicos-y-fomentar-la-cultura-en-cadereyta","status":"publish","type":"post","link":"https:\/\/laultimapalabra.com.mx\/portal\/buscara-chendo-garza-rescatar-espacios-publicos-y-fomentar-la-cultura-en-cadereyta\/","title":{"rendered":"Buscar\u00e1 &#8220;Chendo&#8221; Garza rescatar espacios p\u00fablicos y fomentar la cultura en Cadereyta"},"content":{"rendered":"<p><span style=\"font-size: 1rem;\"><img loading=\"lazy\" decoding=\"async\" class=\"size-medium wp-image-19180 alignleft\" src=\"https:\/\/laultimapalabra.com.mx\/portal\/wp-content\/uploads\/2021\/04\/IMG-20210419-WA0032-300x300.jpg\" alt=\"\" width=\"300\" height=\"300\" srcset=\"https:\/\/laultimapalabra.com.mx\/portal\/wp-content\/uploads\/2021\/04\/IMG-20210419-WA0032-300x300.jpg 300w, https:\/\/laultimapalabra.com.mx\/portal\/wp-content\/uploads\/2021\/04\/IMG-20210419-WA0032-1024x1024.jpg 1024w, https:\/\/laultimapalabra.com.mx\/portal\/wp-content\/uploads\/2021\/04\/IMG-20210419-WA0032-150x150.jpg 150w, https:\/\/laultimapalabra.com.mx\/portal\/wp-content\/uploads\/2021\/04\/IMG-20210419-WA0032-768x768.jpg 768w, https:\/\/laultimapalabra.com.mx\/portal\/wp-content\/uploads\/2021\/04\/IMG-20210419-WA0032.jpg 1280w\" sizes=\"auto, (max-width: 300px) 100vw, 300px\" \/>Cadereyta Jim\u00e9nez, N.L.- Con la finalidad de rescatar los espacios p\u00fablicos y fomentar la cultura de Cadereyta, el candidato a la alcald\u00eda de Cadereyta Chendo Garza,\u00a0 propuso una agenda cultural con festivales y muestras representativas de su m\u00fasica, folklor y arte contempor\u00e1neo,\u00a0 adem\u00e1s de espacios para los talentos Jimenenses en las diferentes modalidades de arte, as\u00ed como la formaci\u00f3n de una banda de m\u00fasica municipal que represente a la ciudad.<\/span><\/p>\n<p>Asimismo, puntualiz\u00f3 la importancia de un Consejo Municipal de la Cultura y las Artes, el cual este encaminado a la culminaci\u00f3n de programas locales de fomento y trabaje de la mano con el Gobierno Municipal en la gesti\u00f3n de programas de este rubro.<\/p>\n<p>&#8220;El fomentar la cultura as\u00ed como el deporte, no s\u00f3lo nos lleva al rescate de espacios p\u00fablicos y la prevenci\u00f3n de adicciones, el fomento\u00a0cultural trae momentos de recreaci\u00f3n y esparcimiento para nuestras familias y\u00a0 derrama econ\u00f3mica local&#8221;, finaliz\u00f3.<\/p>\n","protected":false},"excerpt":{"rendered":"<p>Cadereyta Jim\u00e9nez, N.L.- Con la finalidad de rescatar los espacios p\u00fablicos y fomentar la cultura de Cadereyta, el candidato a la alcald\u00eda de Cadereyta Chendo Garza,\u00a0 propuso una agenda cultural con festivales y muestras representativas de su m\u00fasica, folklor y arte contempor\u00e1neo,\u00a0 adem\u00e1s de espacios para los talentos Jimenenses en las diferentes modalidades de arte, [&hellip;]<\/p>\n","protected":false},"author":9,"featured_media":19180,"comment_status":"closed","ping_status":"closed","sticky":false,"template":"","format":"standard","meta":{"footnotes":""},"categories":[17],"tags":[3078,1852,1855,3079],"class_list":["post-19173","post","type-post","status-publish","format-standard","has-post-thumbnail","hentry","category-locales-cadereyta","tag-chendo-garza","tag-pri-cadereyta","tag-pri-nl","tag-pri-no"],"_links":{"self":[{"href":"https:\/\/laultimapalabra.com.mx\/portal\/wp-json\/wp\/v2\/posts\/19173","targetHints":{"allow":["GET"]}}],"collection":[{"href":"https:\/\/laultimapalabra.com.mx\/portal\/wp-json\/wp\/v2\/posts"}],"about":[{"href":"https:\/\/laultimapalabra.com.mx\/portal\/wp-json\/wp\/v2\/types\/post"}],"author":[{"embeddable":true,"href":"https:\/\/laultimapalabra.com.mx\/portal\/wp-json\/wp\/v2\/users\/9"}],"replies":[{"embeddable":true,"href":"https:\/\/laultimapalabra.com.mx\/portal\/wp-json\/wp\/v2\/comments?post=19173"}],"version-history":[{"count":3,"href":"https:\/\/laultimapalabra.com.mx\/portal\/wp-json\/wp\/v2\/posts\/19173\/revisions"}],"predecessor-version":[{"id":72856,"href":"https:\/\/laultimapalabra.com.mx\/portal\/wp-json\/wp\/v2\/posts\/19173\/revisions\/72856"}],"wp:featuredmedia":[{"embeddable":true,"href":"https:\/\/laultimapalabra.com.mx\/portal\/wp-json\/wp\/v2\/media\/19180"}],"wp:attachment":[{"href":"https:\/\/laultimapalabra.com.mx\/portal\/wp-json\/wp\/v2\/media?parent=19173"}],"wp:term":[{"taxonomy":"category","embeddable":true,"href":"https:\/\/laultimapalabra.com.mx\/portal\/wp-json\/wp\/v2\/categories?post=19173"},{"taxonomy":"post_tag","embeddable":true,"href":"https:\/\/laultimapalabra.com.mx\/portal\/wp-json\/wp\/v2\/tags?post=19173"}],"curies":[{"name":"wp","href":"https:\/\/api.w.org\/{rel}","templated":true}]}}