                       {"id":19299,"date":"2021-04-24T12:04:58","date_gmt":"2021-04-24T18:04:58","guid":{"rendered":"https:\/\/laultimapalabra.com.mx\/portal\/?p=19299"},"modified":"2024-12-11T10:03:02","modified_gmt":"2024-12-11T16:03:02","slug":"visita-amlo-la-refineria-de-cadereyta","status":"publish","type":"post","link":"https:\/\/laultimapalabra.com.mx\/portal\/visita-amlo-la-refineria-de-cadereyta\/","title":{"rendered":"Visita AMLO la Refiner\u00eda de Cadereyta"},"content":{"rendered":"<p><span style=\"font-size: 1rem;\">*Ante la veda electoral, L\u00f3pez Obrador decidi\u00f3 no tener encuentros con la prensa.<\/span><\/p>\n<p><img loading=\"lazy\" decoding=\"async\" class=\"size-medium wp-image-19300 alignleft\" src=\"https:\/\/laultimapalabra.com.mx\/portal\/wp-content\/uploads\/2021\/04\/9439326-300x200.jpg\" alt=\"\" width=\"300\" height=\"200\" srcset=\"https:\/\/laultimapalabra.com.mx\/portal\/wp-content\/uploads\/2021\/04\/9439326-300x200.jpg 300w, https:\/\/laultimapalabra.com.mx\/portal\/wp-content\/uploads\/2021\/04\/9439326.jpg 660w\" sizes=\"auto, (max-width: 300px) 100vw, 300px\" \/>Cadereyta Jim\u00e9nez, N.L.- Esta ma\u00f1ana, el Mandatario federal\u00a0arrib\u00f3 al Aeropuerto Internacional de Monterrey, procedente de Guanajuato, en un vuelo de VivaAerobus.<\/p>\n<p>A las 11:00 horas, el Presidente\u00a0ingres\u00f3 a la Refiner\u00eda de Pemex perteneciente al Municipio de Cadereyta.<\/p>\n<p>Ah\u00ed, confirmaron fuentes, realiza un recorrido por la planta y posteriormente tendr\u00e1 una comida.<\/p>\n<p>Aunque se tiene previsto que salga rumbo a Tamaulipas a las 15:00 horas, la agenda se podr\u00eda adelantar un poco.<\/p>\n<p>Ante la veda electoral, L\u00f3pez Obrador decidi\u00f3 no tener encuentros con la prensa.<\/p>\n<p>Fuente: La Prensa de Coahuila<\/p>\n","protected":false},"excerpt":{"rendered":"<p>*Ante la veda electoral, L\u00f3pez Obrador decidi\u00f3 no tener encuentros con la prensa. Cadereyta Jim\u00e9nez, N.L.- Esta ma\u00f1ana, el Mandatario federal\u00a0arrib\u00f3 al Aeropuerto Internacional de Monterrey, procedente de Guanajuato, en un vuelo de VivaAerobus. A las 11:00 horas, el Presidente\u00a0ingres\u00f3 a la Refiner\u00eda de Pemex perteneciente al Municipio de Cadereyta. Ah\u00ed, confirmaron fuentes, realiza un [&hellip;]<\/p>\n","protected":false},"author":9,"featured_media":19300,"comment_status":"closed","ping_status":"closed","sticky":false,"template":"","format":"standard","meta":{"footnotes":""},"categories":[17],"tags":[124,3086],"class_list":["post-19299","post","type-post","status-publish","format-standard","has-post-thumbnail","hentry","category-locales-cadereyta","tag-amlo","tag-visitas-amlo-cadereyta"],"_links":{"self":[{"href":"https:\/\/laultimapalabra.com.mx\/portal\/wp-json\/wp\/v2\/posts\/19299","targetHints":{"allow":["GET"]}}],"collection":[{"href":"https:\/\/laultimapalabra.com.mx\/portal\/wp-json\/wp\/v2\/posts"}],"about":[{"href":"https:\/\/laultimapalabra.com.mx\/portal\/wp-json\/wp\/v2\/types\/post"}],"author":[{"embeddable":true,"href":"https:\/\/laultimapalabra.com.mx\/portal\/wp-json\/wp\/v2\/users\/9"}],"replies":[{"embeddable":true,"href":"https:\/\/laultimapalabra.com.mx\/portal\/wp-json\/wp\/v2\/comments?post=19299"}],"version-history":[{"count":2,"href":"https:\/\/laultimapalabra.com.mx\/portal\/wp-json\/wp\/v2\/posts\/19299\/revisions"}],"predecessor-version":[{"id":72894,"href":"https:\/\/laultimapalabra.com.mx\/portal\/wp-json\/wp\/v2\/posts\/19299\/revisions\/72894"}],"wp:featuredmedia":[{"embeddable":true,"href":"https:\/\/laultimapalabra.com.mx\/portal\/wp-json\/wp\/v2\/media\/19300"}],"wp:attachment":[{"href":"https:\/\/laultimapalabra.com.mx\/portal\/wp-json\/wp\/v2\/media?parent=19299"}],"wp:term":[{"taxonomy":"category","embeddable":true,"href":"https:\/\/laultimapalabra.com.mx\/portal\/wp-json\/wp\/v2\/categories?post=19299"},{"taxonomy":"post_tag","embeddable":true,"href":"https:\/\/laultimapalabra.com.mx\/portal\/wp-json\/wp\/v2\/tags?post=19299"}],"curies":[{"name":"wp","href":"https:\/\/api.w.org\/{rel}","templated":true}]}}