                       {"id":194,"date":"2018-02-01T23:33:47","date_gmt":"2018-02-01T23:33:47","guid":{"rendered":"http:\/\/laultimapalabra.info\/?p=194"},"modified":"2024-12-11T08:36:54","modified_gmt":"2024-12-11T14:36:54","slug":"usted-tiene-la-ultima-palabra","status":"publish","type":"post","link":"https:\/\/laultimapalabra.com.mx\/portal\/usted-tiene-la-ultima-palabra\/","title":{"rendered":"Usted tiene&#8230;La \u00daltima Palabra"},"content":{"rendered":"<p style=\"text-align: justify;\">Tiempos mejores<\/p>\n<p style=\"text-align: justify;\">Las \u00faltimas encuestas sobre la carrera presidencial, aun y las diferencias o variaciones que puedan tener, coinciden en que Jos\u00e9 Antonio Meade se rezaga en el tercer lugar. Por ejemplo, la encuesta que presenta el peri\u00f3dico El Universal de Buend\u00eda &amp; Laredo, publicada el 29 de enero, lo sit\u00faa en un tercer lugar 10 puntos debajo de Anaya y 16, de L\u00f3pez Obrador.<br \/>\nEl panorama pinta m\u00e1s dram\u00e1tico para los tricolores, pues no s\u00f3lo Meade no despega, sino que los sondeos indican que perder\u00edan gubernaturas que tienen como Jalisco y Yucat\u00e1n, y todav\u00eda peor, los pron\u00f3sticos se inclinan a que no ganar\u00eda ninguna de los nueve estados donde hay elecci\u00f3n.<br \/>\nMe parece muy apresurado decir que ya se cay\u00f3, estamos apenas iniciando febrero, sin embargo, es muy sospechoso que el Gobierno haya dejado pasar una encuesta con esa tendencia. Para algunos esto ser\u00eda el indicio que Meade repetir\u00e1 la triste historia de Josefina V\u00e1zquez Mota en el 2012, donde el expresidente Calder\u00f3n la baj\u00f3 hasta dejarla en un tercer lugar.<br \/>\nSigo pensando que Meade podr\u00eda ser buen candidato, desgraciadamente las circunstancias que lo rodean lo hunden. Para empezar, el reto era muy complejo, ten\u00eda que convencer a los no priistas que era un candidato ciudadano desligado de este partido, y a los priistas ten\u00eda que convencerlos que era de ellos.<br \/>\nHasta hoy, ha sucedido lo contrario, pues para los no afines al PRI no es un ciudadano sino todo un priista; y para los priistas, no es uno de ellos sino un ciudadano que lleg\u00f3 a robarles un espacio el cual deb\u00eda ocupar alguien con arraigo entre ellos.<br \/>\nPor otro lado, el nombramiento de los candidatos priistas a las gubernaturas lejos de ayudarle, est\u00e1n afect\u00e1ndolo. Para muestra el caso de Chiapas donde la imposici\u00f3n de un priista cre\u00f3 la desbandada de los del Verde Ecologista que ahorita son mayor\u00eda.<br \/>\nSin que suene a justificaci\u00f3n o defensa de Meade, parece ser que no toda la culpa es de \u00e9l, pues el hecho que las encuestan apunten a la debacle generalizada, nos hace pensar que hay un factor en com\u00fan en que no levanten. Efectivamente, adivin\u00f3 usted amable lector, la ra\u00edz del problema tiene nombre y es: Enrique Pe\u00f1a Nieto.<br \/>\nAhora bien, la idea de cambiar de candidato no suena factible, pues si Meade no logr\u00f3 atraer la simpat\u00eda de los ciudadanos, menos lo har\u00e1 un priista de hueso colorado y m\u00e1s si se relacionado con Pe\u00f1a, como es el caso de Aurelio Nu\u00f1o.<br \/>\nAs\u00ed las cosas, no negamos, como lo dice la famosa canci\u00f3n de Yuri, que siempre vendr\u00e1n tiempos mejores, pero en este momento todo parece indicar que ser\u00e1 despu\u00e9s del 1 de julio y no antes.<br \/>\nEsta es mi opini\u00f3n, usted tiene La \u00daltima Palabra.<\/p>\n","protected":false},"excerpt":{"rendered":"<p>Tiempos mejores Las \u00faltimas encuestas sobre la carrera presidencial, aun y las diferencias o variaciones que puedan tener, coinciden en que Jos\u00e9 Antonio Meade se rezaga en el tercer lugar. Por ejemplo, la encuesta que presenta el peri\u00f3dico El Universal de Buend\u00eda &amp; Laredo, publicada el 29 de enero, lo sit\u00faa en un tercer lugar [&hellip;]<\/p>\n","protected":false},"author":9,"featured_media":0,"comment_status":"open","ping_status":"closed","sticky":false,"template":"","format":"standard","meta":{"footnotes":""},"categories":[1],"tags":[1277,1387],"class_list":["post-194","post","type-post","status-publish","format-standard","hentry","category-noticias","tag-ing-jesus-herrera","tag-la-ultima-palabra"],"_links":{"self":[{"href":"https:\/\/laultimapalabra.com.mx\/portal\/wp-json\/wp\/v2\/posts\/194","targetHints":{"allow":["GET"]}}],"collection":[{"href":"https:\/\/laultimapalabra.com.mx\/portal\/wp-json\/wp\/v2\/posts"}],"about":[{"href":"https:\/\/laultimapalabra.com.mx\/portal\/wp-json\/wp\/v2\/types\/post"}],"author":[{"embeddable":true,"href":"https:\/\/laultimapalabra.com.mx\/portal\/wp-json\/wp\/v2\/users\/9"}],"replies":[{"embeddable":true,"href":"https:\/\/laultimapalabra.com.mx\/portal\/wp-json\/wp\/v2\/comments?post=194"}],"version-history":[{"count":1,"href":"https:\/\/laultimapalabra.com.mx\/portal\/wp-json\/wp\/v2\/posts\/194\/revisions"}],"predecessor-version":[{"id":63161,"href":"https:\/\/laultimapalabra.com.mx\/portal\/wp-json\/wp\/v2\/posts\/194\/revisions\/63161"}],"wp:attachment":[{"href":"https:\/\/laultimapalabra.com.mx\/portal\/wp-json\/wp\/v2\/media?parent=194"}],"wp:term":[{"taxonomy":"category","embeddable":true,"href":"https:\/\/laultimapalabra.com.mx\/portal\/wp-json\/wp\/v2\/categories?post=194"},{"taxonomy":"post_tag","embeddable":true,"href":"https:\/\/laultimapalabra.com.mx\/portal\/wp-json\/wp\/v2\/tags?post=194"}],"curies":[{"name":"wp","href":"https:\/\/api.w.org\/{rel}","templated":true}]}}