                       {"id":19563,"date":"2021-05-10T14:58:37","date_gmt":"2021-05-10T20:58:37","guid":{"rendered":"https:\/\/laultimapalabra.com.mx\/portal\/?p=19563"},"modified":"2024-12-11T10:14:41","modified_gmt":"2024-12-11T16:14:41","slug":"se-ahoga-joven-en-san-bartolo","status":"publish","type":"post","link":"https:\/\/laultimapalabra.com.mx\/portal\/se-ahoga-joven-en-san-bartolo\/","title":{"rendered":"Se ahoga joven en San Bartolo"},"content":{"rendered":"<p><span style=\"font-size: 1rem;\"><img loading=\"lazy\" decoding=\"async\" class=\"size-medium wp-image-19544 alignleft\" src=\"https:\/\/laultimapalabra.com.mx\/portal\/wp-content\/uploads\/2021\/05\/IMG-20210510-WA0028-300x172.jpg\" alt=\"\" width=\"300\" height=\"172\" srcset=\"https:\/\/laultimapalabra.com.mx\/portal\/wp-content\/uploads\/2021\/05\/IMG-20210510-WA0028-300x172.jpg 300w, https:\/\/laultimapalabra.com.mx\/portal\/wp-content\/uploads\/2021\/05\/IMG-20210510-WA0028.jpg 720w\" sizes=\"auto, (max-width: 300px) 100vw, 300px\" \/>Cadereyta Jim\u00e9nez, N.L.- Un joven muri\u00f3 ahogado en el lugar conocido como Parque Venecia, cuando al estar conviviendo con unos amigos se introdujo a las aguas del r\u00edo que cruza la comunidad de San Bartolo, la noche de ayer domingo.<\/span><\/p>\n<p>Seg\u00fan los hechos, Gerardo Reyes Almaraz de 24 a\u00f1os, se encontraba con un amigo ingiriendo bebidas alcoh\u00f3licas a las orillas del r\u00edo, en la comunidad antes mencionada, y sorpresivamente decidi\u00f3 meterse a las aguas, pero debido a su estado de ebriedad empez\u00f3 a manotear pidiendo auxilio.<br \/>\nSu amigo se meti\u00f3 al agua para tratar de salvarlo, pero ya nada pudo hacer y solo atin\u00f3 a pedir ayuda, llegando los param\u00e9dicos de Servicios de Emergencia y personal de Protecci\u00f3n Civil, al mando del comandante Guillermo De Le\u00f3n para rescatar el cuerpo y constatar que \u00e9ste ya no ten\u00eda signos vitales.<\/p>\n<p>Fuente: La \u00daltima Palabra<\/p>\n","protected":false},"excerpt":{"rendered":"<p>Cadereyta Jim\u00e9nez, N.L.- Un joven muri\u00f3 ahogado en el lugar conocido como Parque Venecia, cuando al estar conviviendo con unos amigos se introdujo a las aguas del r\u00edo que cruza la comunidad de San Bartolo, la noche de ayer domingo. Seg\u00fan los hechos, Gerardo Reyes Almaraz de 24 a\u00f1os, se encontraba con un amigo ingiriendo [&hellip;]<\/p>\n","protected":false},"author":9,"featured_media":19544,"comment_status":"closed","ping_status":"closed","sticky":false,"template":"","format":"standard","meta":{"footnotes":""},"categories":[17],"tags":[2670,3089,1172,2136],"class_list":["post-19563","post","type-post","status-publish","format-standard","has-post-thumbnail","hentry","category-locales-cadereyta","tag-ahogados-cadereyta","tag-fuenta_milenio","tag-guillermo-de-leon-delgado","tag-servicios-de-emergencias-cadereyta"],"_links":{"self":[{"href":"https:\/\/laultimapalabra.com.mx\/portal\/wp-json\/wp\/v2\/posts\/19563","targetHints":{"allow":["GET"]}}],"collection":[{"href":"https:\/\/laultimapalabra.com.mx\/portal\/wp-json\/wp\/v2\/posts"}],"about":[{"href":"https:\/\/laultimapalabra.com.mx\/portal\/wp-json\/wp\/v2\/types\/post"}],"author":[{"embeddable":true,"href":"https:\/\/laultimapalabra.com.mx\/portal\/wp-json\/wp\/v2\/users\/9"}],"replies":[{"embeddable":true,"href":"https:\/\/laultimapalabra.com.mx\/portal\/wp-json\/wp\/v2\/comments?post=19563"}],"version-history":[{"count":2,"href":"https:\/\/laultimapalabra.com.mx\/portal\/wp-json\/wp\/v2\/posts\/19563\/revisions"}],"predecessor-version":[{"id":72988,"href":"https:\/\/laultimapalabra.com.mx\/portal\/wp-json\/wp\/v2\/posts\/19563\/revisions\/72988"}],"wp:featuredmedia":[{"embeddable":true,"href":"https:\/\/laultimapalabra.com.mx\/portal\/wp-json\/wp\/v2\/media\/19544"}],"wp:attachment":[{"href":"https:\/\/laultimapalabra.com.mx\/portal\/wp-json\/wp\/v2\/media?parent=19563"}],"wp:term":[{"taxonomy":"category","embeddable":true,"href":"https:\/\/laultimapalabra.com.mx\/portal\/wp-json\/wp\/v2\/categories?post=19563"},{"taxonomy":"post_tag","embeddable":true,"href":"https:\/\/laultimapalabra.com.mx\/portal\/wp-json\/wp\/v2\/tags?post=19563"}],"curies":[{"name":"wp","href":"https:\/\/api.w.org\/{rel}","templated":true}]}}