                       {"id":19603,"date":"2021-05-11T15:25:15","date_gmt":"2021-05-11T21:25:15","guid":{"rendered":"https:\/\/laultimapalabra.com.mx\/portal\/?p=19603"},"modified":"2024-12-11T10:14:41","modified_gmt":"2024-12-11T16:14:41","slug":"se-incendia-centro-de-rehabilitacion-en-centro-de-cadereyta","status":"publish","type":"post","link":"https:\/\/laultimapalabra.com.mx\/portal\/se-incendia-centro-de-rehabilitacion-en-centro-de-cadereyta\/","title":{"rendered":"Se incendia centro de rehabilitaci\u00f3n en Centro de Cadereyta"},"content":{"rendered":"<p><span style=\"font-size: 1rem;\">*Servicios de Emergencia de Cadereyta atendieron a 4 lesionados por cortaduras y uno por s\u00edntomas de asfixia.\u00a0<\/span><\/p>\n<p><img loading=\"lazy\" decoding=\"async\" class=\"size-medium wp-image-19583 alignleft\" src=\"https:\/\/laultimapalabra.com.mx\/portal\/wp-content\/uploads\/2021\/05\/IMG-20210511-WA0037-300x169.jpg\" alt=\"\" width=\"300\" height=\"169\" srcset=\"https:\/\/laultimapalabra.com.mx\/portal\/wp-content\/uploads\/2021\/05\/IMG-20210511-WA0037-300x169.jpg 300w, https:\/\/laultimapalabra.com.mx\/portal\/wp-content\/uploads\/2021\/05\/IMG-20210511-WA0037-1024x576.jpg 1024w, https:\/\/laultimapalabra.com.mx\/portal\/wp-content\/uploads\/2021\/05\/IMG-20210511-WA0037-768x432.jpg 768w, https:\/\/laultimapalabra.com.mx\/portal\/wp-content\/uploads\/2021\/05\/IMG-20210511-WA0037-1536x864.jpg 1536w, https:\/\/laultimapalabra.com.mx\/portal\/wp-content\/uploads\/2021\/05\/IMG-20210511-WA0037.jpg 1599w\" sizes=\"auto, (max-width: 300px) 100vw, 300px\" \/>Cadereyta Jim\u00e9nez, N.L.- Un centro de rehabilitaci\u00f3n se incendi\u00f3 alrededor de las 15:00 horas del d\u00eda de ayer en el cruce de las calles Emiliano Zapata y Matamoros en el centro de Cadereyta.<\/p>\n<p>Afortunadamente no hubo perdidas humanas que lamentar ya que Servicios de Emergencia Cadereyta atendieron a varias personas por crisis nerviosas, siendo solamente 4 las que fueron atendidas por cortadas y una m\u00e1s por s\u00edntomas de intoxicaci\u00f3n.<\/p>\n<p>Al respecto, el comandante Guillermo de Le\u00f3n, director de la dependencia municipal a cargo, manifest\u00f3 que se desconoc\u00edan las causas del incendio pero que afortunadamente no hab\u00eda perdidas humanas que lamentar, ya que las lesiones que presentaban algunos de los j\u00f3venes que se encontraban en dicho centro no eran de gravedad.<\/p>\n<p>Fuente: LUP<\/p>\n","protected":false},"excerpt":{"rendered":"<p>*Servicios de Emergencia de Cadereyta atendieron a 4 lesionados por cortaduras y uno por s\u00edntomas de asfixia.\u00a0 Cadereyta Jim\u00e9nez, N.L.- Un centro de rehabilitaci\u00f3n se incendi\u00f3 alrededor de las 15:00 horas del d\u00eda de ayer en el cruce de las calles Emiliano Zapata y Matamoros en el centro de Cadereyta. Afortunadamente no hubo perdidas humanas [&hellip;]<\/p>\n","protected":false},"author":9,"featured_media":19582,"comment_status":"closed","ping_status":"closed","sticky":false,"template":"","format":"standard","meta":{"footnotes":""},"categories":[8,9],"tags":[3076,1172,1260,2710],"class_list":["post-19603","post","type-post","status-publish","format-standard","has-post-thumbnail","hentry","category-seguridad","category-seguridad-cadereyta","tag-fuente-la-ultima-palabra","tag-guillermo-de-leon-delgado","tag-incendios-cadereyta","tag-servicios-de-emergencia-cadereyta"],"_links":{"self":[{"href":"https:\/\/laultimapalabra.com.mx\/portal\/wp-json\/wp\/v2\/posts\/19603","targetHints":{"allow":["GET"]}}],"collection":[{"href":"https:\/\/laultimapalabra.com.mx\/portal\/wp-json\/wp\/v2\/posts"}],"about":[{"href":"https:\/\/laultimapalabra.com.mx\/portal\/wp-json\/wp\/v2\/types\/post"}],"author":[{"embeddable":true,"href":"https:\/\/laultimapalabra.com.mx\/portal\/wp-json\/wp\/v2\/users\/9"}],"replies":[{"embeddable":true,"href":"https:\/\/laultimapalabra.com.mx\/portal\/wp-json\/wp\/v2\/comments?post=19603"}],"version-history":[{"count":2,"href":"https:\/\/laultimapalabra.com.mx\/portal\/wp-json\/wp\/v2\/posts\/19603\/revisions"}],"predecessor-version":[{"id":73004,"href":"https:\/\/laultimapalabra.com.mx\/portal\/wp-json\/wp\/v2\/posts\/19603\/revisions\/73004"}],"wp:featuredmedia":[{"embeddable":true,"href":"https:\/\/laultimapalabra.com.mx\/portal\/wp-json\/wp\/v2\/media\/19582"}],"wp:attachment":[{"href":"https:\/\/laultimapalabra.com.mx\/portal\/wp-json\/wp\/v2\/media?parent=19603"}],"wp:term":[{"taxonomy":"category","embeddable":true,"href":"https:\/\/laultimapalabra.com.mx\/portal\/wp-json\/wp\/v2\/categories?post=19603"},{"taxonomy":"post_tag","embeddable":true,"href":"https:\/\/laultimapalabra.com.mx\/portal\/wp-json\/wp\/v2\/tags?post=19603"}],"curies":[{"name":"wp","href":"https:\/\/api.w.org\/{rel}","templated":true}]}}