                       {"id":19734,"date":"2021-05-17T09:18:09","date_gmt":"2021-05-17T15:18:09","guid":{"rendered":"https:\/\/laultimapalabra.com.mx\/portal\/?p=19734"},"modified":"2024-12-11T10:14:44","modified_gmt":"2024-12-11T16:14:44","slug":"se-incendia-cocina-de-restaurante-en-cadereyta","status":"publish","type":"post","link":"https:\/\/laultimapalabra.com.mx\/portal\/se-incendia-cocina-de-restaurante-en-cadereyta\/","title":{"rendered":"Se incendia cocina de restaurante en Cadereyta"},"content":{"rendered":"<p><span style=\"font-size: 1rem;\">*El saldo del siniestro afortunadamente fue s\u00f3lo un empleado con lesiones leves.<\/span><\/p>\n<p><img loading=\"lazy\" decoding=\"async\" class=\"size-medium wp-image-19693 alignleft\" src=\"https:\/\/laultimapalabra.com.mx\/portal\/wp-content\/uploads\/2021\/05\/IMG-20210516-WA0010-300x225.jpg\" alt=\"\" width=\"300\" height=\"225\" srcset=\"https:\/\/laultimapalabra.com.mx\/portal\/wp-content\/uploads\/2021\/05\/IMG-20210516-WA0010-300x225.jpg 300w, https:\/\/laultimapalabra.com.mx\/portal\/wp-content\/uploads\/2021\/05\/IMG-20210516-WA0010-1024x768.jpg 1024w, https:\/\/laultimapalabra.com.mx\/portal\/wp-content\/uploads\/2021\/05\/IMG-20210516-WA0010-768x576.jpg 768w, https:\/\/laultimapalabra.com.mx\/portal\/wp-content\/uploads\/2021\/05\/IMG-20210516-WA0010-1536x1152.jpg 1536w, https:\/\/laultimapalabra.com.mx\/portal\/wp-content\/uploads\/2021\/05\/IMG-20210516-WA0010.jpg 1600w\" sizes=\"auto, (max-width: 300px) 100vw, 300px\" \/>Cadereyta Jim\u00e9nez,N.L.- Un trabajador con lesiones leves, fue el saldo de un incendio que consumi\u00f3 la cocina de un restaurante ubicado en el kil\u00f3metro 13 de la carretera Cadereyta-Allende.<\/p>\n<p>Fue a la una de la tarde de ayer domingo cuando accidentalmente cay\u00f3 aceite en la lumbre donde cocinaban los alimentos, causando p\u00e9rdida total de esa \u00e1rea del negocio cuyo propietario fue identificado como Arturo Tamez.<\/p>\n<p>Elementos de Servicios de Emergencia, al mando del director Guillermo de Le\u00f3n, acudieron al lugar para auxiliar al empleado quien result\u00f3 con lesiones en cabeza y rostro.<\/p>\n","protected":false},"excerpt":{"rendered":"<p>*El saldo del siniestro afortunadamente fue s\u00f3lo un empleado con lesiones leves. Cadereyta Jim\u00e9nez,N.L.- Un trabajador con lesiones leves, fue el saldo de un incendio que consumi\u00f3 la cocina de un restaurante ubicado en el kil\u00f3metro 13 de la carretera Cadereyta-Allende. Fue a la una de la tarde de ayer domingo cuando accidentalmente cay\u00f3 aceite [&hellip;]<\/p>\n","protected":false},"author":9,"featured_media":19694,"comment_status":"closed","ping_status":"closed","sticky":false,"template":"","format":"standard","meta":{"footnotes":""},"categories":[8,9],"tags":[3076,1172,1260,2710],"class_list":["post-19734","post","type-post","status-publish","format-standard","has-post-thumbnail","hentry","category-seguridad","category-seguridad-cadereyta","tag-fuente-la-ultima-palabra","tag-guillermo-de-leon-delgado","tag-incendios-cadereyta","tag-servicios-de-emergencia-cadereyta"],"_links":{"self":[{"href":"https:\/\/laultimapalabra.com.mx\/portal\/wp-json\/wp\/v2\/posts\/19734","targetHints":{"allow":["GET"]}}],"collection":[{"href":"https:\/\/laultimapalabra.com.mx\/portal\/wp-json\/wp\/v2\/posts"}],"about":[{"href":"https:\/\/laultimapalabra.com.mx\/portal\/wp-json\/wp\/v2\/types\/post"}],"author":[{"embeddable":true,"href":"https:\/\/laultimapalabra.com.mx\/portal\/wp-json\/wp\/v2\/users\/9"}],"replies":[{"embeddable":true,"href":"https:\/\/laultimapalabra.com.mx\/portal\/wp-json\/wp\/v2\/comments?post=19734"}],"version-history":[{"count":2,"href":"https:\/\/laultimapalabra.com.mx\/portal\/wp-json\/wp\/v2\/posts\/19734\/revisions"}],"predecessor-version":[{"id":73062,"href":"https:\/\/laultimapalabra.com.mx\/portal\/wp-json\/wp\/v2\/posts\/19734\/revisions\/73062"}],"wp:featuredmedia":[{"embeddable":true,"href":"https:\/\/laultimapalabra.com.mx\/portal\/wp-json\/wp\/v2\/media\/19694"}],"wp:attachment":[{"href":"https:\/\/laultimapalabra.com.mx\/portal\/wp-json\/wp\/v2\/media?parent=19734"}],"wp:term":[{"taxonomy":"category","embeddable":true,"href":"https:\/\/laultimapalabra.com.mx\/portal\/wp-json\/wp\/v2\/categories?post=19734"},{"taxonomy":"post_tag","embeddable":true,"href":"https:\/\/laultimapalabra.com.mx\/portal\/wp-json\/wp\/v2\/tags?post=19734"}],"curies":[{"name":"wp","href":"https:\/\/api.w.org\/{rel}","templated":true}]}}