                       {"id":19775,"date":"2021-05-18T14:54:05","date_gmt":"2021-05-18T20:54:05","guid":{"rendered":"https:\/\/laultimapalabra.com.mx\/portal\/?p=19775"},"modified":"2024-12-11T10:14:44","modified_gmt":"2024-12-11T16:14:44","slug":"alcanza-cynthia-la-canelita-lozano-su-9na-victoria-al-hilo","status":"publish","type":"post","link":"https:\/\/laultimapalabra.com.mx\/portal\/alcanza-cynthia-la-canelita-lozano-su-9na-victoria-al-hilo\/","title":{"rendered":"Alcanza Cynthia &#8220;La Canelita&#8221; Lozano su 9na victoria al hilo"},"content":{"rendered":"<p><span style=\"font-size: 1rem;\">*La ojiverde peleadora venci\u00f3 en el sexto asalto a Janet Zacar\u00edas<\/span><\/p>\n<p><img loading=\"lazy\" decoding=\"async\" class=\"size-medium wp-image-19765 alignleft\" src=\"https:\/\/laultimapalabra.com.mx\/portal\/wp-content\/uploads\/2021\/05\/IMG-20210518-WA0000-300x300.jpg\" alt=\"\" width=\"300\" height=\"300\" srcset=\"https:\/\/laultimapalabra.com.mx\/portal\/wp-content\/uploads\/2021\/05\/IMG-20210518-WA0000-300x300.jpg 300w, https:\/\/laultimapalabra.com.mx\/portal\/wp-content\/uploads\/2021\/05\/IMG-20210518-WA0000-150x150.jpg 150w, https:\/\/laultimapalabra.com.mx\/portal\/wp-content\/uploads\/2021\/05\/IMG-20210518-WA0000.jpg 720w\" sizes=\"auto, (max-width: 300px) 100vw, 300px\" \/>Cadereyta Jim\u00e9nez, N.L.- La boxeadora Jimenense Cynthia Lorena &#8220;Canelita&#8221; Lozano Margain, de Nueva cuenta volvi\u00f3 a ganar en su carrera profesional, estando invicta hasta el momento.<br \/>\nEn Reynosa, Tamaulipas, la ojiverde peleadora venci\u00f3 en el sexto asalto a Janet Zacar\u00edas en la arena Coliseo de aquella ciudad, logrando con esta su novena victoria, 7 de ellas por la v\u00eda del cloroformo.<br \/>\nLa joven promesa de peso superwelter est\u00e1 escalando hacia el ranking para lograr sus sue\u00f1os de lograr un campeonato nacional y la faja mundial en su peso.<br \/>\n\u00a1Felicidades a la Canelita Lozano, quien sigue poniendo en alto el nombre de Cadereyta Jim\u00e9nez!<\/p>\n","protected":false},"excerpt":{"rendered":"<p>*La ojiverde peleadora venci\u00f3 en el sexto asalto a Janet Zacar\u00edas Cadereyta Jim\u00e9nez, N.L.- La boxeadora Jimenense Cynthia Lorena &#8220;Canelita&#8221; Lozano Margain, de Nueva cuenta volvi\u00f3 a ganar en su carrera profesional, estando invicta hasta el momento. En Reynosa, Tamaulipas, la ojiverde peleadora venci\u00f3 en el sexto asalto a Janet Zacar\u00edas en la arena Coliseo [&hellip;]<\/p>\n","protected":false},"author":9,"featured_media":19765,"comment_status":"closed","ping_status":"closed","sticky":false,"template":"","format":"standard","meta":{"footnotes":""},"categories":[1],"tags":[751],"class_list":["post-19775","post","type-post","status-publish","format-standard","has-post-thumbnail","hentry","category-noticias","tag-cynthia-canelita-lozano"],"_links":{"self":[{"href":"https:\/\/laultimapalabra.com.mx\/portal\/wp-json\/wp\/v2\/posts\/19775","targetHints":{"allow":["GET"]}}],"collection":[{"href":"https:\/\/laultimapalabra.com.mx\/portal\/wp-json\/wp\/v2\/posts"}],"about":[{"href":"https:\/\/laultimapalabra.com.mx\/portal\/wp-json\/wp\/v2\/types\/post"}],"author":[{"embeddable":true,"href":"https:\/\/laultimapalabra.com.mx\/portal\/wp-json\/wp\/v2\/users\/9"}],"replies":[{"embeddable":true,"href":"https:\/\/laultimapalabra.com.mx\/portal\/wp-json\/wp\/v2\/comments?post=19775"}],"version-history":[{"count":2,"href":"https:\/\/laultimapalabra.com.mx\/portal\/wp-json\/wp\/v2\/posts\/19775\/revisions"}],"predecessor-version":[{"id":73080,"href":"https:\/\/laultimapalabra.com.mx\/portal\/wp-json\/wp\/v2\/posts\/19775\/revisions\/73080"}],"wp:featuredmedia":[{"embeddable":true,"href":"https:\/\/laultimapalabra.com.mx\/portal\/wp-json\/wp\/v2\/media\/19765"}],"wp:attachment":[{"href":"https:\/\/laultimapalabra.com.mx\/portal\/wp-json\/wp\/v2\/media?parent=19775"}],"wp:term":[{"taxonomy":"category","embeddable":true,"href":"https:\/\/laultimapalabra.com.mx\/portal\/wp-json\/wp\/v2\/categories?post=19775"},{"taxonomy":"post_tag","embeddable":true,"href":"https:\/\/laultimapalabra.com.mx\/portal\/wp-json\/wp\/v2\/tags?post=19775"}],"curies":[{"name":"wp","href":"https:\/\/api.w.org\/{rel}","templated":true}]}}