                       {"id":19833,"date":"2021-05-20T12:34:39","date_gmt":"2021-05-20T18:34:39","guid":{"rendered":"https:\/\/laultimapalabra.com.mx\/portal\/?p=19833"},"modified":"2024-12-11T10:14:46","modified_gmt":"2024-12-11T16:14:46","slug":"anuncian-regreso-a-clases-presenciales-para-preparatorias-y-facultades-en-nuevo-leon","status":"publish","type":"post","link":"https:\/\/laultimapalabra.com.mx\/portal\/anuncian-regreso-a-clases-presenciales-para-preparatorias-y-facultades-en-nuevo-leon\/","title":{"rendered":"Anuncian regreso a clases presenciales para preparatorias y facultades en Nuevo Le\u00f3n"},"content":{"rendered":"<p><span style=\"font-size: 1rem;\"><img loading=\"lazy\" decoding=\"async\" class=\"size-medium wp-image-19836 alignleft\" src=\"https:\/\/laultimapalabra.com.mx\/portal\/wp-content\/uploads\/2021\/05\/IMG-20210520-WA0013-300x225.jpg\" alt=\"\" width=\"300\" height=\"225\" srcset=\"https:\/\/laultimapalabra.com.mx\/portal\/wp-content\/uploads\/2021\/05\/IMG-20210520-WA0013-300x225.jpg 300w, https:\/\/laultimapalabra.com.mx\/portal\/wp-content\/uploads\/2021\/05\/IMG-20210520-WA0013.jpg 720w\" sizes=\"auto, (max-width: 300px) 100vw, 300px\" \/>MONTERREY.- En una reuni\u00f3n del Comit\u00e9 de Educaci\u00f3n Media Superior y Superior se fij\u00f3 el 31 de mayo como la fecha de regreso a clases presenciales en preparatorias y facultades, respetando las particularidades de cada instituci\u00f3n educativa.<\/span><\/p>\n<p>La secretaria de Educaci\u00f3n, Mar\u00eda de los \u00c1ngeles Erris\u00fariz indic\u00f3 que en esta sesi\u00f3n definir\u00e1n la estrategia.<\/p>\n<p>El doctor Manuel de la O se\u00f1al\u00f3 que el regreso debe ser flexible y s\u00f3lo a un 30% de capacidad de cada aula y con horarios escalonados.<\/p>\n<p>Ante casos positivos se deber\u00e1n suspender las clases al menos 15 d\u00edas.<\/p>\n<p>Condiciones para regresar 31 mayo<br \/>\n-Tener medidas de prevenci\u00f3n de contagios como filtros<\/p>\n<p>-Regreso gradual, aforo al 30%, actividades prioritarias, modelo hibrido-flexibilidad, si tienen que volver a cerrar lo har\u00e1n<\/p>\n<p>-Regreso ser\u00e1 voluntario<\/p>\n<p>&#8211; Se tomar\u00e1 en cuenta algunas actividades prioritarias<\/p>\n<p>&#8211; El modelo ser\u00e1 h\u00edbrido y se busca la flexibilidad<\/p>\n<p>En tanto, autoridades se\u00f1alaron que si se tienen que volver a clausurar las clases presenciales se har\u00e1.<\/p>\n<p>Fuente: El Norte<\/p>\n","protected":false},"excerpt":{"rendered":"<p>MONTERREY.- En una reuni\u00f3n del Comit\u00e9 de Educaci\u00f3n Media Superior y Superior se fij\u00f3 el 31 de mayo como la fecha de regreso a clases presenciales en preparatorias y facultades, respetando las particularidades de cada instituci\u00f3n educativa. La secretaria de Educaci\u00f3n, Mar\u00eda de los \u00c1ngeles Erris\u00fariz indic\u00f3 que en esta sesi\u00f3n definir\u00e1n la estrategia. El [&hellip;]<\/p>\n","protected":false},"author":9,"featured_media":19836,"comment_status":"closed","ping_status":"closed","sticky":false,"template":"","format":"standard","meta":{"footnotes":""},"categories":[1],"tags":[],"class_list":["post-19833","post","type-post","status-publish","format-standard","has-post-thumbnail","hentry","category-noticias"],"_links":{"self":[{"href":"https:\/\/laultimapalabra.com.mx\/portal\/wp-json\/wp\/v2\/posts\/19833","targetHints":{"allow":["GET"]}}],"collection":[{"href":"https:\/\/laultimapalabra.com.mx\/portal\/wp-json\/wp\/v2\/posts"}],"about":[{"href":"https:\/\/laultimapalabra.com.mx\/portal\/wp-json\/wp\/v2\/types\/post"}],"author":[{"embeddable":true,"href":"https:\/\/laultimapalabra.com.mx\/portal\/wp-json\/wp\/v2\/users\/9"}],"replies":[{"embeddable":true,"href":"https:\/\/laultimapalabra.com.mx\/portal\/wp-json\/wp\/v2\/comments?post=19833"}],"version-history":[{"count":2,"href":"https:\/\/laultimapalabra.com.mx\/portal\/wp-json\/wp\/v2\/posts\/19833\/revisions"}],"predecessor-version":[{"id":73108,"href":"https:\/\/laultimapalabra.com.mx\/portal\/wp-json\/wp\/v2\/posts\/19833\/revisions\/73108"}],"wp:featuredmedia":[{"embeddable":true,"href":"https:\/\/laultimapalabra.com.mx\/portal\/wp-json\/wp\/v2\/media\/19836"}],"wp:attachment":[{"href":"https:\/\/laultimapalabra.com.mx\/portal\/wp-json\/wp\/v2\/media?parent=19833"}],"wp:term":[{"taxonomy":"category","embeddable":true,"href":"https:\/\/laultimapalabra.com.mx\/portal\/wp-json\/wp\/v2\/categories?post=19833"},{"taxonomy":"post_tag","embeddable":true,"href":"https:\/\/laultimapalabra.com.mx\/portal\/wp-json\/wp\/v2\/tags?post=19833"}],"curies":[{"name":"wp","href":"https:\/\/api.w.org\/{rel}","templated":true}]}}