                       {"id":19939,"date":"2021-05-28T17:10:51","date_gmt":"2021-05-28T23:10:51","guid":{"rendered":"https:\/\/laultimapalabra.com.mx\/portal\/?p=19939"},"modified":"2024-12-11T10:14:47","modified_gmt":"2024-12-11T16:14:47","slug":"arranca-en-juarez-vacunacion-contra-covid-19-para-personas-de-entre-50-59-anos","status":"publish","type":"post","link":"https:\/\/laultimapalabra.com.mx\/portal\/arranca-en-juarez-vacunacion-contra-covid-19-para-personas-de-entre-50-59-anos\/","title":{"rendered":"Arranca en Ju\u00e1rez vacunaci\u00f3n contra Covid 19 para personas de entre 50\/59 a\u00f1os"},"content":{"rendered":"<p><img loading=\"lazy\" decoding=\"async\" class=\"size-medium wp-image-19941 alignleft\" src=\"https:\/\/laultimapalabra.com.mx\/portal\/wp-content\/uploads\/2021\/05\/IMG-20210528-WA0024-300x169.jpg\" alt=\"\" width=\"300\" height=\"169\" srcset=\"https:\/\/laultimapalabra.com.mx\/portal\/wp-content\/uploads\/2021\/05\/IMG-20210528-WA0024-300x169.jpg 300w, https:\/\/laultimapalabra.com.mx\/portal\/wp-content\/uploads\/2021\/05\/IMG-20210528-WA0024-1024x576.jpg 1024w, https:\/\/laultimapalabra.com.mx\/portal\/wp-content\/uploads\/2021\/05\/IMG-20210528-WA0024-768x432.jpg 768w, https:\/\/laultimapalabra.com.mx\/portal\/wp-content\/uploads\/2021\/05\/IMG-20210528-WA0024-1536x864.jpg 1536w, https:\/\/laultimapalabra.com.mx\/portal\/wp-content\/uploads\/2021\/05\/IMG-20210528-WA0024.jpg 1599w\" sizes=\"auto, (max-width: 300px) 100vw, 300px\" \/>Ju\u00e1rez, N.L.- Fue est\u00e1 ma\u00f1ana durante e<span style=\"font-size: 1rem;\">l arranque de vacunaci\u00f3n contra el Covid 19 en el municipio de Ju\u00e1rez, donde est\u00e9 medio de comunicaci\u00f3n se dio cita en el Polivalente Villas de San Jos\u00e9 donde se sostuvo una pl\u00e1tica con la dra. Mayte L\u00f3pez quien es personal de la Secretaria de Salud Municipal en el citado municipio.\u00a0<\/span><\/p>\n<p><span style=\"font-weight: 400;\">La funcionaria indic\u00f3 que fueron casi 5mil dosis de vacunas las que estaban destinadas a ser aplicadas el d\u00eda de hoy, siendo 1,200 las ya aplicadas para alrededor de las 11 de la ma\u00f1ana.\u00a0<\/span><\/p>\n<p><span style=\"font-weight: 400;\">Asimismo, conmin\u00f3 a la ciudadan\u00eda a que se vacunen ya que dijo son m\u00e1s los pro que los contra y les record\u00f3 que el d\u00eda de ma\u00f1ana de igual manera se estar\u00e1n aplicando vacunas en los puntos destinados para este fin como lo son el Drive Thru San Roque, as\u00ed como los Polivalentes de Santa Monica, Monteverde, H\u00e9ctor Caballero y el mismo de Villas de San Jos\u00e9, donde se estar\u00e1n vacunando personas mayores de 60 a\u00f1os en su primer o segunda dosis; personas de 50\/59 a\u00f1os y mujeres embarazadas.\u00a0<\/span><\/p>\n","protected":false},"excerpt":{"rendered":"<p>Ju\u00e1rez, N.L.- Fue est\u00e1 ma\u00f1ana durante el arranque de vacunaci\u00f3n contra el Covid 19 en el municipio de Ju\u00e1rez, donde est\u00e9 medio de comunicaci\u00f3n se dio cita en el Polivalente Villas de San Jos\u00e9 donde se sostuvo una pl\u00e1tica con la dra. Mayte L\u00f3pez quien es personal de la Secretaria de Salud Municipal en el [&hellip;]<\/p>\n","protected":false},"author":9,"featured_media":19940,"comment_status":"closed","ping_status":"closed","sticky":false,"template":"","format":"standard","meta":{"footnotes":""},"categories":[18],"tags":[3076,2768],"class_list":["post-19939","post","type-post","status-publish","format-standard","has-post-thumbnail","hentry","category-locales-juarez","tag-fuente-la-ultima-palabra","tag-vacunacion-covid-juarez"],"_links":{"self":[{"href":"https:\/\/laultimapalabra.com.mx\/portal\/wp-json\/wp\/v2\/posts\/19939","targetHints":{"allow":["GET"]}}],"collection":[{"href":"https:\/\/laultimapalabra.com.mx\/portal\/wp-json\/wp\/v2\/posts"}],"about":[{"href":"https:\/\/laultimapalabra.com.mx\/portal\/wp-json\/wp\/v2\/types\/post"}],"author":[{"embeddable":true,"href":"https:\/\/laultimapalabra.com.mx\/portal\/wp-json\/wp\/v2\/users\/9"}],"replies":[{"embeddable":true,"href":"https:\/\/laultimapalabra.com.mx\/portal\/wp-json\/wp\/v2\/comments?post=19939"}],"version-history":[{"count":2,"href":"https:\/\/laultimapalabra.com.mx\/portal\/wp-json\/wp\/v2\/posts\/19939\/revisions"}],"predecessor-version":[{"id":73148,"href":"https:\/\/laultimapalabra.com.mx\/portal\/wp-json\/wp\/v2\/posts\/19939\/revisions\/73148"}],"wp:featuredmedia":[{"embeddable":true,"href":"https:\/\/laultimapalabra.com.mx\/portal\/wp-json\/wp\/v2\/media\/19940"}],"wp:attachment":[{"href":"https:\/\/laultimapalabra.com.mx\/portal\/wp-json\/wp\/v2\/media?parent=19939"}],"wp:term":[{"taxonomy":"category","embeddable":true,"href":"https:\/\/laultimapalabra.com.mx\/portal\/wp-json\/wp\/v2\/categories?post=19939"},{"taxonomy":"post_tag","embeddable":true,"href":"https:\/\/laultimapalabra.com.mx\/portal\/wp-json\/wp\/v2\/tags?post=19939"}],"curies":[{"name":"wp","href":"https:\/\/api.w.org\/{rel}","templated":true}]}}