                       {"id":1995,"date":"2018-06-07T23:13:29","date_gmt":"2018-06-07T23:13:29","guid":{"rendered":"http:\/\/laultimapalabra.info\/?p=1995"},"modified":"2024-12-11T08:37:15","modified_gmt":"2024-12-11T14:37:15","slug":"visita-dr-sabas-ejido-la-esperanza","status":"publish","type":"post","link":"https:\/\/laultimapalabra.com.mx\/portal\/visita-dr-sabas-ejido-la-esperanza\/","title":{"rendered":"Visita Dr. Sab\u00e1s Ejido La Esperanza"},"content":{"rendered":"<p style=\"text-align: justify;\"><img loading=\"lazy\" decoding=\"async\" class=\"size-medium wp-image-1996 alignleft\" src=\"https:\/\/laultimapalabra.com.mx\/portal\/wp-content\/uploads\/2018\/06\/IMG-20180603-WA0026-300x225.jpg\" alt=\"\" width=\"300\" height=\"225\" \/>CADEREYTA JIM\u00c9NEZ, N.L.-<br \/>\nEl pasado domingo tres de junio, el candidato a la alcald\u00eda de Cadereyta, por el Partido Nueva Alianza, doctor Sab\u00e1s Ren\u00e9 Tamez P\u00e9rez, visit\u00f3 la comunidad de La Esperanza.<br \/>\nEl Doctor Sab\u00e1s fue recibido en un gesto amistoso, donde escuch\u00f3 todas las peticiones comprometi\u00e9ndose con un cambio positivo para esa comunidad.<br \/>\nEl galeno escuch\u00f3 de viva voz la problem\u00e1tica en el ejido La Esperanza y prometi\u00f3 un cambio positivo, no solo para ese ejido sino para todo Cadereyta.<\/p>\n","protected":false},"excerpt":{"rendered":"<p>CADEREYTA JIM\u00c9NEZ, N.L.- El pasado domingo tres de junio, el candidato a la alcald\u00eda de Cadereyta, por el Partido Nueva Alianza, doctor Sab\u00e1s Ren\u00e9 Tamez P\u00e9rez, visit\u00f3 la comunidad de La Esperanza. El Doctor Sab\u00e1s fue recibido en un gesto amistoso, donde escuch\u00f3 todas las peticiones comprometi\u00e9ndose con un cambio positivo para esa comunidad. El [&hellip;]<\/p>\n","protected":false},"author":9,"featured_media":1997,"comment_status":"open","ping_status":"closed","sticky":false,"template":"","format":"standard","meta":{"footnotes":""},"categories":[17],"tags":[881,1696],"class_list":["post-1995","post","type-post","status-publish","format-standard","has-post-thumbnail","hentry","category-locales-cadereyta","tag-dr-sabas-tamez-perez","tag-panal-cadereyta"],"_links":{"self":[{"href":"https:\/\/laultimapalabra.com.mx\/portal\/wp-json\/wp\/v2\/posts\/1995","targetHints":{"allow":["GET"]}}],"collection":[{"href":"https:\/\/laultimapalabra.com.mx\/portal\/wp-json\/wp\/v2\/posts"}],"about":[{"href":"https:\/\/laultimapalabra.com.mx\/portal\/wp-json\/wp\/v2\/types\/post"}],"author":[{"embeddable":true,"href":"https:\/\/laultimapalabra.com.mx\/portal\/wp-json\/wp\/v2\/users\/9"}],"replies":[{"embeddable":true,"href":"https:\/\/laultimapalabra.com.mx\/portal\/wp-json\/wp\/v2\/comments?post=1995"}],"version-history":[{"count":1,"href":"https:\/\/laultimapalabra.com.mx\/portal\/wp-json\/wp\/v2\/posts\/1995\/revisions"}],"predecessor-version":[{"id":64079,"href":"https:\/\/laultimapalabra.com.mx\/portal\/wp-json\/wp\/v2\/posts\/1995\/revisions\/64079"}],"wp:featuredmedia":[{"embeddable":true,"href":"https:\/\/laultimapalabra.com.mx\/portal\/wp-json\/"}],"wp:attachment":[{"href":"https:\/\/laultimapalabra.com.mx\/portal\/wp-json\/wp\/v2\/media?parent=1995"}],"wp:term":[{"taxonomy":"category","embeddable":true,"href":"https:\/\/laultimapalabra.com.mx\/portal\/wp-json\/wp\/v2\/categories?post=1995"},{"taxonomy":"post_tag","embeddable":true,"href":"https:\/\/laultimapalabra.com.mx\/portal\/wp-json\/wp\/v2\/tags?post=1995"}],"curies":[{"name":"wp","href":"https:\/\/api.w.org\/{rel}","templated":true}]}}