                       {"id":19981,"date":"2021-05-31T09:52:32","date_gmt":"2021-05-31T15:52:32","guid":{"rendered":"https:\/\/laultimapalabra.com.mx\/portal\/?p=19981"},"modified":"2024-12-11T10:14:48","modified_gmt":"2024-12-11T16:14:48","slug":"se-presenta-avistamiento-de-oso-en-trancas-y-sabarado","status":"publish","type":"post","link":"https:\/\/laultimapalabra.com.mx\/portal\/se-presenta-avistamiento-de-oso-en-trancas-y-sabarado\/","title":{"rendered":"Se presenta avistamiento de oso en Trancas y Sabarado"},"content":{"rendered":"<p><span style=\"font-size: 1rem;\"><img loading=\"lazy\" decoding=\"async\" class=\"size-medium wp-image-19982 alignleft\" src=\"https:\/\/laultimapalabra.com.mx\/portal\/wp-content\/uploads\/2021\/05\/FB_IMG_1622472088047-225x300.jpg\" alt=\"\" width=\"225\" height=\"300\" srcset=\"https:\/\/laultimapalabra.com.mx\/portal\/wp-content\/uploads\/2021\/05\/FB_IMG_1622472088047-225x300.jpg 225w, https:\/\/laultimapalabra.com.mx\/portal\/wp-content\/uploads\/2021\/05\/FB_IMG_1622472088047-768x1024.jpg 768w, https:\/\/laultimapalabra.com.mx\/portal\/wp-content\/uploads\/2021\/05\/FB_IMG_1622472088047.jpg 780w\" sizes=\"auto, (max-width: 225px) 100vw, 225px\" \/>Cadereyta Jim\u00e9nez, N.L.- La tarde de ayer elementos de los Servicios de Emergencia de Cadereyta reportaron que en la comunidad de Trancas y Sabarado se hab\u00eda presentado un avistamiento de oso, donde la criatura s\u00f3lo estaba comiendo y regres\u00f3 a su h\u00e1bitat natural sin problema alguno.<\/span><\/p>\n<p>Los elementos municipales s\u00f3lo observaron y aseguraron al animal para despu\u00e9s recomendar a los ciudadanos a que no los molesten, ni los sigan o incomoden cuando los lleguen a ver.<\/p>\n","protected":false},"excerpt":{"rendered":"<p>Cadereyta Jim\u00e9nez, N.L.- La tarde de ayer elementos de los Servicios de Emergencia de Cadereyta reportaron que en la comunidad de Trancas y Sabarado se hab\u00eda presentado un avistamiento de oso, donde la criatura s\u00f3lo estaba comiendo y regres\u00f3 a su h\u00e1bitat natural sin problema alguno. Los elementos municipales s\u00f3lo observaron y aseguraron al animal [&hellip;]<\/p>\n","protected":false},"author":9,"featured_media":19982,"comment_status":"closed","ping_status":"closed","sticky":false,"template":"","format":"standard","meta":{"footnotes":""},"categories":[17],"tags":[3122,3123,1172,2136],"class_list":["post-19981","post","type-post","status-publish","format-standard","has-post-thumbnail","hentry","category-locales-cadereyta","tag-avistamiento-de-oso-cadereyta","tag-fuente-servicios-de-emergencia-cadereyta","tag-guillermo-de-leon-delgado","tag-servicios-de-emergencias-cadereyta"],"_links":{"self":[{"href":"https:\/\/laultimapalabra.com.mx\/portal\/wp-json\/wp\/v2\/posts\/19981","targetHints":{"allow":["GET"]}}],"collection":[{"href":"https:\/\/laultimapalabra.com.mx\/portal\/wp-json\/wp\/v2\/posts"}],"about":[{"href":"https:\/\/laultimapalabra.com.mx\/portal\/wp-json\/wp\/v2\/types\/post"}],"author":[{"embeddable":true,"href":"https:\/\/laultimapalabra.com.mx\/portal\/wp-json\/wp\/v2\/users\/9"}],"replies":[{"embeddable":true,"href":"https:\/\/laultimapalabra.com.mx\/portal\/wp-json\/wp\/v2\/comments?post=19981"}],"version-history":[{"count":2,"href":"https:\/\/laultimapalabra.com.mx\/portal\/wp-json\/wp\/v2\/posts\/19981\/revisions"}],"predecessor-version":[{"id":73166,"href":"https:\/\/laultimapalabra.com.mx\/portal\/wp-json\/wp\/v2\/posts\/19981\/revisions\/73166"}],"wp:featuredmedia":[{"embeddable":true,"href":"https:\/\/laultimapalabra.com.mx\/portal\/wp-json\/wp\/v2\/media\/19982"}],"wp:attachment":[{"href":"https:\/\/laultimapalabra.com.mx\/portal\/wp-json\/wp\/v2\/media?parent=19981"}],"wp:term":[{"taxonomy":"category","embeddable":true,"href":"https:\/\/laultimapalabra.com.mx\/portal\/wp-json\/wp\/v2\/categories?post=19981"},{"taxonomy":"post_tag","embeddable":true,"href":"https:\/\/laultimapalabra.com.mx\/portal\/wp-json\/wp\/v2\/tags?post=19981"}],"curies":[{"name":"wp","href":"https:\/\/api.w.org\/{rel}","templated":true}]}}