                       {"id":20019,"date":"2021-06-02T10:19:40","date_gmt":"2021-06-02T16:19:40","guid":{"rendered":"https:\/\/laultimapalabra.com.mx\/portal\/?p=20019"},"modified":"2024-12-11T10:14:49","modified_gmt":"2024-12-11T16:14:49","slug":"tiene-ernesto-quintanilla-pre-cierre-de-campana-en-valle-del-roble","status":"publish","type":"post","link":"https:\/\/laultimapalabra.com.mx\/portal\/tiene-ernesto-quintanilla-pre-cierre-de-campana-en-valle-del-roble\/","title":{"rendered":"Tiene Ernesto Quintanilla pre cierre de campa\u00f1a en Valle del Roble\u00a0"},"content":{"rendered":"<p><span style=\"font-size: 1rem;\"><img loading=\"lazy\" decoding=\"async\" class=\"size-medium wp-image-20015 alignleft\" src=\"https:\/\/laultimapalabra.com.mx\/portal\/wp-content\/uploads\/2021\/06\/IMG-20210601-WA0066-300x169.jpg\" alt=\"\" width=\"300\" height=\"169\" srcset=\"https:\/\/laultimapalabra.com.mx\/portal\/wp-content\/uploads\/2021\/06\/IMG-20210601-WA0066-300x169.jpg 300w, https:\/\/laultimapalabra.com.mx\/portal\/wp-content\/uploads\/2021\/06\/IMG-20210601-WA0066-1024x576.jpg 1024w, https:\/\/laultimapalabra.com.mx\/portal\/wp-content\/uploads\/2021\/06\/IMG-20210601-WA0066-768x432.jpg 768w, https:\/\/laultimapalabra.com.mx\/portal\/wp-content\/uploads\/2021\/06\/IMG-20210601-WA0066.jpg 1280w\" sizes=\"auto, (max-width: 300px) 100vw, 300px\" \/>Cadereyta Jim\u00e9nez, N.L.- Con la presencia de m\u00e1s de 600 personas, la tarde de ayer en la colonia Valle del Roble, el candidato de la coalici\u00f3n Juntos haremos historia, Ernesto Quintanilla Villarreal, tuvo su pre cierre de campa\u00f1a.<\/span><\/p>\n<p>Asimismo, acompa\u00f1aron al candidato la candidata a la diputaci\u00f3n federal, Paola Gonz\u00e1lez as\u00ed como los integrantes de lo que ser\u00e1 su planilla.<br \/>\nSeguro de que triunfar\u00e1 el pr\u00f3ximo domingo, Quintanilla Villarreal agradeci\u00f3 la presencia de los asistentes de quienes recalc\u00f3 no eran acarreados como en otros eventos, y asegur\u00f3 que sigue siendo el puntero en el presente comicio electoral.<\/p>\n","protected":false},"excerpt":{"rendered":"<p>Cadereyta Jim\u00e9nez, N.L.- Con la presencia de m\u00e1s de 600 personas, la tarde de ayer en la colonia Valle del Roble, el candidato de la coalici\u00f3n Juntos haremos historia, Ernesto Quintanilla Villarreal, tuvo su pre cierre de campa\u00f1a. Asimismo, acompa\u00f1aron al candidato la candidata a la diputaci\u00f3n federal, Paola Gonz\u00e1lez as\u00ed como los integrantes de [&hellip;]<\/p>\n","protected":false},"author":9,"featured_media":20014,"comment_status":"closed","ping_status":"closed","sticky":false,"template":"","format":"standard","meta":{"footnotes":""},"categories":[17],"tags":[2701,2571,3076],"class_list":["post-20019","post","type-post","status-publish","format-standard","has-post-thumbnail","hentry","category-locales-cadereyta","tag-elecciones-2021","tag-ernesto-quintanilla-villarreal","tag-fuente-la-ultima-palabra"],"_links":{"self":[{"href":"https:\/\/laultimapalabra.com.mx\/portal\/wp-json\/wp\/v2\/posts\/20019","targetHints":{"allow":["GET"]}}],"collection":[{"href":"https:\/\/laultimapalabra.com.mx\/portal\/wp-json\/wp\/v2\/posts"}],"about":[{"href":"https:\/\/laultimapalabra.com.mx\/portal\/wp-json\/wp\/v2\/types\/post"}],"author":[{"embeddable":true,"href":"https:\/\/laultimapalabra.com.mx\/portal\/wp-json\/wp\/v2\/users\/9"}],"replies":[{"embeddable":true,"href":"https:\/\/laultimapalabra.com.mx\/portal\/wp-json\/wp\/v2\/comments?post=20019"}],"version-history":[{"count":2,"href":"https:\/\/laultimapalabra.com.mx\/portal\/wp-json\/wp\/v2\/posts\/20019\/revisions"}],"predecessor-version":[{"id":73180,"href":"https:\/\/laultimapalabra.com.mx\/portal\/wp-json\/wp\/v2\/posts\/20019\/revisions\/73180"}],"wp:featuredmedia":[{"embeddable":true,"href":"https:\/\/laultimapalabra.com.mx\/portal\/wp-json\/wp\/v2\/media\/20014"}],"wp:attachment":[{"href":"https:\/\/laultimapalabra.com.mx\/portal\/wp-json\/wp\/v2\/media?parent=20019"}],"wp:term":[{"taxonomy":"category","embeddable":true,"href":"https:\/\/laultimapalabra.com.mx\/portal\/wp-json\/wp\/v2\/categories?post=20019"},{"taxonomy":"post_tag","embeddable":true,"href":"https:\/\/laultimapalabra.com.mx\/portal\/wp-json\/wp\/v2\/tags?post=20019"}],"curies":[{"name":"wp","href":"https:\/\/api.w.org\/{rel}","templated":true}]}}