                       {"id":2007,"date":"2018-06-07T23:27:36","date_gmt":"2018-06-07T23:27:36","guid":{"rendered":"http:\/\/laultimapalabra.info\/?p=2007"},"modified":"2024-12-11T08:37:15","modified_gmt":"2024-12-11T14:37:15","slug":"policia-de-proximidad-para-cadereyta","status":"publish","type":"post","link":"https:\/\/laultimapalabra.com.mx\/portal\/policia-de-proximidad-para-cadereyta\/","title":{"rendered":"Polic\u00eda de Proximidad para Cadereyta"},"content":{"rendered":"<p>*Firman Tenchis Garc\u00eda y V\u00edctor Fuentes compromiso para uno de los mejores modelos de polic\u00eda en los barrios para esta ciudad.<\/p>\n<p style=\"text-align: justify;\">Miguel Oscar P\u00e9rez<br \/>\nCADEREYTA JIM\u00c9NEZ, N.L.-<br \/>\nEl pasado viernes primero de junio, en la casa de campa\u00f1a del candidato a senador por Nuevo Le\u00f3n, V\u00edctor Fuentes, y la candidata a la alcald\u00eda de Cadereyta, Tenchis Garc\u00eda, firmaron un compromiso de seguridad muy importante.<br \/>\nSeg\u00fan un video de Tenchis Garc\u00eda se asegura que de llegar a la alcald\u00eda Tenchis Garc\u00eda y V\u00edctor Fuentes a la senadur\u00eda, el compromiso es bajar los recursos para la creaci\u00f3n de una polic\u00eda de Proximidad, modelo usado en San Nicol\u00e1s.<br \/>\n\u201cAgradeci\u00e9ndote V\u00edctor este compromiso que acabas de firmar con nosotros para mejorar Cadereyta, vamos a tener nuestra polic\u00eda de Proximidad en nuestras colonias\u201d, dijo la candidata a la alcald\u00eda de Cadereyta en el evento donde se congregaron todos los aspirantes panistas a las alcald\u00edas para la firma de ese convenio.<br \/>\nPor su parte el candidato al senado habl\u00f3 de las bondades de ese modelo policiaco que se mantiene en presencia en las colonias.<br \/>\n\u201cPor ello queremos que en Cadereyta se trabaje con los recursos que vamos a conseguir, de una manera que la gente se vea tranquila, que la gente vea una polic\u00eda honesta, una polic\u00eda bien preparada. Circular, patrullar ya por sus calles, que conozcamos a los polic\u00edas, que tengamos confianza en los polic\u00edas, y que el polic\u00eda tambi\u00e9n conozca como nos movemos en la ciudad\u201d, destac\u00f3 Fuentes Sol\u00eds.<br \/>\nTenchis recibi\u00f3 el documento-compromiso como una garant\u00eda que de llegar al senado V\u00edctor Fuentes, bajar\u00e1 los recursos para la creaci\u00f3n de ese modelo policiaco.<\/p>\n","protected":false},"excerpt":{"rendered":"<p>*Firman Tenchis Garc\u00eda y V\u00edctor Fuentes compromiso para uno de los mejores modelos de polic\u00eda en los barrios para esta ciudad. Miguel Oscar P\u00e9rez CADEREYTA JIM\u00c9NEZ, N.L.- El pasado viernes primero de junio, en la casa de campa\u00f1a del candidato a senador por Nuevo Le\u00f3n, V\u00edctor Fuentes, y la candidata a la alcald\u00eda de Cadereyta, [&hellip;]<\/p>\n","protected":false},"author":9,"featured_media":0,"comment_status":"open","ping_status":"closed","sticky":false,"template":"","format":"standard","meta":{"footnotes":""},"categories":[17],"tags":[1692,2195],"class_list":["post-2007","post","type-post","status-publish","format-standard","hentry","category-locales-cadereyta","tag-pan-cadereyta","tag-tenchis-garcia"],"_links":{"self":[{"href":"https:\/\/laultimapalabra.com.mx\/portal\/wp-json\/wp\/v2\/posts\/2007","targetHints":{"allow":["GET"]}}],"collection":[{"href":"https:\/\/laultimapalabra.com.mx\/portal\/wp-json\/wp\/v2\/posts"}],"about":[{"href":"https:\/\/laultimapalabra.com.mx\/portal\/wp-json\/wp\/v2\/types\/post"}],"author":[{"embeddable":true,"href":"https:\/\/laultimapalabra.com.mx\/portal\/wp-json\/wp\/v2\/users\/9"}],"replies":[{"embeddable":true,"href":"https:\/\/laultimapalabra.com.mx\/portal\/wp-json\/wp\/v2\/comments?post=2007"}],"version-history":[{"count":1,"href":"https:\/\/laultimapalabra.com.mx\/portal\/wp-json\/wp\/v2\/posts\/2007\/revisions"}],"predecessor-version":[{"id":64085,"href":"https:\/\/laultimapalabra.com.mx\/portal\/wp-json\/wp\/v2\/posts\/2007\/revisions\/64085"}],"wp:attachment":[{"href":"https:\/\/laultimapalabra.com.mx\/portal\/wp-json\/wp\/v2\/media?parent=2007"}],"wp:term":[{"taxonomy":"category","embeddable":true,"href":"https:\/\/laultimapalabra.com.mx\/portal\/wp-json\/wp\/v2\/categories?post=2007"},{"taxonomy":"post_tag","embeddable":true,"href":"https:\/\/laultimapalabra.com.mx\/portal\/wp-json\/wp\/v2\/tags?post=2007"}],"curies":[{"name":"wp","href":"https:\/\/api.w.org\/{rel}","templated":true}]}}