                       {"id":20084,"date":"2021-06-09T13:02:07","date_gmt":"2021-06-09T19:02:07","guid":{"rendered":"https:\/\/laultimapalabra.com.mx\/portal\/?p=20084"},"modified":"2024-12-11T10:14:50","modified_gmt":"2024-12-11T16:14:50","slug":"pierde-control-de-vehiculo-y-lesiona-a-policia-retirado-en-el-calvario","status":"publish","type":"post","link":"https:\/\/laultimapalabra.com.mx\/portal\/pierde-control-de-vehiculo-y-lesiona-a-policia-retirado-en-el-calvario\/","title":{"rendered":"Pierde control de veh\u00edculo y lesiona a polic\u00eda retirado en El Calvario"},"content":{"rendered":"<p><span style=\"font-size: 1rem;\"><img loading=\"lazy\" decoding=\"async\" class=\"size-medium wp-image-20086 alignleft\" src=\"https:\/\/laultimapalabra.com.mx\/portal\/wp-content\/uploads\/2021\/06\/IMG-20210609-WA0007-225x300.jpg\" alt=\"\" width=\"225\" height=\"300\" srcset=\"https:\/\/laultimapalabra.com.mx\/portal\/wp-content\/uploads\/2021\/06\/IMG-20210609-WA0007-225x300.jpg 225w, https:\/\/laultimapalabra.com.mx\/portal\/wp-content\/uploads\/2021\/06\/IMG-20210609-WA0007-768x1024.jpg 768w, https:\/\/laultimapalabra.com.mx\/portal\/wp-content\/uploads\/2021\/06\/IMG-20210609-WA0007.jpg 780w\" sizes=\"auto, (max-width: 225px) 100vw, 225px\" \/>Cadereyta Jim\u00e9nez, N.L.- Ayer alrededor de las 20:30 horas en el Ejido el Calvario del municipio de Cadereyta, una mujer de 60 a\u00f1os originaria de la comunidad de Rancho Viejo, perdi\u00f3 el control de su veh\u00edculo el cual sali\u00f3 de la carretera y se impact\u00f3 en un domicilio particular.<\/span><\/p>\n<p>D\u00f3nde se dio como resultado un lesi\u00f3nado que responde al nombre de El\u00edas Garza, polic\u00eda jubilado de esta ciudad de 75 a\u00f1os de edad, quien sufri\u00f3 fracturas de f\u00e9mur, tibia y peron\u00e9. Vecinos del lugar le brindaron primeros auxilios y llamaron a los Servicios de Emergencia como polic\u00eda y tr\u00e1nsito, quienes arribaron al lugar de los hechos, para trasladar al lesi\u00f3nado a una cl\u00ednica privada; quedando la mujer a disposici\u00f3n de las autoridades locales, mientras que el estado de salud del lesionado es reportado como grave.<\/p>\n","protected":false},"excerpt":{"rendered":"<p>Cadereyta Jim\u00e9nez, N.L.- Ayer alrededor de las 20:30 horas en el Ejido el Calvario del municipio de Cadereyta, una mujer de 60 a\u00f1os originaria de la comunidad de Rancho Viejo, perdi\u00f3 el control de su veh\u00edculo el cual sali\u00f3 de la carretera y se impact\u00f3 en un domicilio particular. D\u00f3nde se dio como resultado un [&hellip;]<\/p>\n","protected":false},"author":9,"featured_media":20085,"comment_status":"closed","ping_status":"closed","sticky":false,"template":"","format":"standard","meta":{"footnotes":""},"categories":[17],"tags":[551,3076],"class_list":["post-20084","post","type-post","status-publish","format-standard","has-post-thumbnail","hentry","category-locales-cadereyta","tag-choques-cadereyta","tag-fuente-la-ultima-palabra"],"_links":{"self":[{"href":"https:\/\/laultimapalabra.com.mx\/portal\/wp-json\/wp\/v2\/posts\/20084","targetHints":{"allow":["GET"]}}],"collection":[{"href":"https:\/\/laultimapalabra.com.mx\/portal\/wp-json\/wp\/v2\/posts"}],"about":[{"href":"https:\/\/laultimapalabra.com.mx\/portal\/wp-json\/wp\/v2\/types\/post"}],"author":[{"embeddable":true,"href":"https:\/\/laultimapalabra.com.mx\/portal\/wp-json\/wp\/v2\/users\/9"}],"replies":[{"embeddable":true,"href":"https:\/\/laultimapalabra.com.mx\/portal\/wp-json\/wp\/v2\/comments?post=20084"}],"version-history":[{"count":2,"href":"https:\/\/laultimapalabra.com.mx\/portal\/wp-json\/wp\/v2\/posts\/20084\/revisions"}],"predecessor-version":[{"id":73208,"href":"https:\/\/laultimapalabra.com.mx\/portal\/wp-json\/wp\/v2\/posts\/20084\/revisions\/73208"}],"wp:featuredmedia":[{"embeddable":true,"href":"https:\/\/laultimapalabra.com.mx\/portal\/wp-json\/wp\/v2\/media\/20085"}],"wp:attachment":[{"href":"https:\/\/laultimapalabra.com.mx\/portal\/wp-json\/wp\/v2\/media?parent=20084"}],"wp:term":[{"taxonomy":"category","embeddable":true,"href":"https:\/\/laultimapalabra.com.mx\/portal\/wp-json\/wp\/v2\/categories?post=20084"},{"taxonomy":"post_tag","embeddable":true,"href":"https:\/\/laultimapalabra.com.mx\/portal\/wp-json\/wp\/v2\/tags?post=20084"}],"curies":[{"name":"wp","href":"https:\/\/api.w.org\/{rel}","templated":true}]}}