                       {"id":2009,"date":"2018-06-08T00:32:23","date_gmt":"2018-06-08T00:32:23","guid":{"rendered":"http:\/\/laultimapalabra.info\/?p=2009"},"modified":"2024-12-11T08:37:15","modified_gmt":"2024-12-11T14:37:15","slug":"ya-parele-doctor-preciado-tenchis-garcia","status":"publish","type":"post","link":"https:\/\/laultimapalabra.com.mx\/portal\/ya-parele-doctor-preciado-tenchis-garcia\/","title":{"rendered":"\u201c\u00a1Ya p\u00e1rele doctor Preciado!\u201d.- Tenchis Garc\u00eda.-"},"content":{"rendered":"<p style=\"text-align: justify;\"><img loading=\"lazy\" decoding=\"async\" class=\"size-medium wp-image-2011 alignright\" src=\"https:\/\/laultimapalabra.com.mx\/portal\/wp-content\/uploads\/2018\/06\/video-TENCHIS-ya-parele-dr-preciado-300x135.jpg\" alt=\"\" width=\"300\" height=\"135\" \/>CADEREYTA JIM\u00c9NEZ, N.L.-Tenchis Garc\u00eda, mand\u00f3 un mensaje claro al actual alcalde Santiago Preciado sobre los hechos donde en un claro abuso de autoridad, el regidor Gabriel Valdez de Le\u00f3n. fue esposado por un oficial de polic\u00eda, tan solo por hacer una pregunta al oficial que deten\u00eda a un automovilista.<br \/>\nEn un video de poco m\u00e1s de dos minutos, Tenchis Garc\u00eda anunciaba el hecho en que el edil hab\u00eda sido esposado y aclaraba que esos hechos eran debido a que los oficiales no eran de este municipio.<br \/>\n\u201c\u00a1Imag\u00ednense, si no identifican a un regidor, pues que no har\u00e1n con nosotros!\u201d, mencion\u00f3<br \/>\n\u201c\u00a1Ya p\u00e1rele doctor Preciado, p\u00e1rele!\u201d, advert\u00eda en el video y agregaba que todo Cadereyta sab\u00eda como andan sus corporaciones contra los ciudadanos.<br \/>\n\u201cLo siguen haciendo, tratando de joder mi campa\u00f1a. \u00a1Ser\u00e1 todo lo contrario! \u00a1soy la \u00fanica candidata que ha pedido justicia para Cadereyta y as\u00ed ser\u00e1 doctor Preciado! Porque la gente sabe que la \u00fanica que le pedir\u00e1 cuentas soy yo\u201d, dijo la ojiverde candidata.<br \/>\nDespu\u00e9s de la intervenci\u00f3n de Tenchis, el video contin\u00faa con las im\u00e1genes donde aparecen dos oficiales y se observa que el regidor de extracci\u00f3n panista cuestiona a los oficiales el motivo de la detenci\u00f3n de un auto y acto seguido, el oficial procede a esposarlo.<\/p>\n","protected":false},"excerpt":{"rendered":"<p>CADEREYTA JIM\u00c9NEZ, N.L.-Tenchis Garc\u00eda, mand\u00f3 un mensaje claro al actual alcalde Santiago Preciado sobre los hechos donde en un claro abuso de autoridad, el regidor Gabriel Valdez de Le\u00f3n. fue esposado por un oficial de polic\u00eda, tan solo por hacer una pregunta al oficial que deten\u00eda a un automovilista. En un video de poco m\u00e1s [&hellip;]<\/p>\n","protected":false},"author":9,"featured_media":2011,"comment_status":"open","ping_status":"closed","sticky":false,"template":"","format":"standard","meta":{"footnotes":""},"categories":[17],"tags":[1692,2195],"class_list":["post-2009","post","type-post","status-publish","format-standard","has-post-thumbnail","hentry","category-locales-cadereyta","tag-pan-cadereyta","tag-tenchis-garcia"],"_links":{"self":[{"href":"https:\/\/laultimapalabra.com.mx\/portal\/wp-json\/wp\/v2\/posts\/2009","targetHints":{"allow":["GET"]}}],"collection":[{"href":"https:\/\/laultimapalabra.com.mx\/portal\/wp-json\/wp\/v2\/posts"}],"about":[{"href":"https:\/\/laultimapalabra.com.mx\/portal\/wp-json\/wp\/v2\/types\/post"}],"author":[{"embeddable":true,"href":"https:\/\/laultimapalabra.com.mx\/portal\/wp-json\/wp\/v2\/users\/9"}],"replies":[{"embeddable":true,"href":"https:\/\/laultimapalabra.com.mx\/portal\/wp-json\/wp\/v2\/comments?post=2009"}],"version-history":[{"count":1,"href":"https:\/\/laultimapalabra.com.mx\/portal\/wp-json\/wp\/v2\/posts\/2009\/revisions"}],"predecessor-version":[{"id":64087,"href":"https:\/\/laultimapalabra.com.mx\/portal\/wp-json\/wp\/v2\/posts\/2009\/revisions\/64087"}],"wp:featuredmedia":[{"embeddable":true,"href":"https:\/\/laultimapalabra.com.mx\/portal\/wp-json\/"}],"wp:attachment":[{"href":"https:\/\/laultimapalabra.com.mx\/portal\/wp-json\/wp\/v2\/media?parent=2009"}],"wp:term":[{"taxonomy":"category","embeddable":true,"href":"https:\/\/laultimapalabra.com.mx\/portal\/wp-json\/wp\/v2\/categories?post=2009"},{"taxonomy":"post_tag","embeddable":true,"href":"https:\/\/laultimapalabra.com.mx\/portal\/wp-json\/wp\/v2\/tags?post=2009"}],"curies":[{"name":"wp","href":"https:\/\/api.w.org\/{rel}","templated":true}]}}