                       {"id":20101,"date":"2021-06-09T14:01:17","date_gmt":"2021-06-09T20:01:17","guid":{"rendered":"https:\/\/laultimapalabra.com.mx\/portal\/?p=20101"},"modified":"2024-12-11T10:14:51","modified_gmt":"2024-12-11T16:14:51","slug":"reportan-fuga-de-drenaje-en-pleno-centro-de-juarez","status":"publish","type":"post","link":"https:\/\/laultimapalabra.com.mx\/portal\/reportan-fuga-de-drenaje-en-pleno-centro-de-juarez\/","title":{"rendered":"Reportan fuga de drenaje en pleno centro de Ju\u00e1rez"},"content":{"rendered":"<p><span style=\"font-size: 1rem;\"><img loading=\"lazy\" decoding=\"async\" class=\"size-medium wp-image-20088 alignleft\" src=\"https:\/\/laultimapalabra.com.mx\/portal\/wp-content\/uploads\/2021\/06\/IMG-20210609-WA0017-300x169.jpg\" alt=\"\" width=\"300\" height=\"169\" srcset=\"https:\/\/laultimapalabra.com.mx\/portal\/wp-content\/uploads\/2021\/06\/IMG-20210609-WA0017-300x169.jpg 300w, https:\/\/laultimapalabra.com.mx\/portal\/wp-content\/uploads\/2021\/06\/IMG-20210609-WA0017-1024x576.jpg 1024w, https:\/\/laultimapalabra.com.mx\/portal\/wp-content\/uploads\/2021\/06\/IMG-20210609-WA0017-768x432.jpg 768w, https:\/\/laultimapalabra.com.mx\/portal\/wp-content\/uploads\/2021\/06\/IMG-20210609-WA0017-1536x864.jpg 1536w, https:\/\/laultimapalabra.com.mx\/portal\/wp-content\/uploads\/2021\/06\/IMG-20210609-WA0017.jpg 1599w\" sizes=\"auto, (max-width: 300px) 100vw, 300px\" \/>Juarez, N.L.- Una fuga en pleno centro del municipio fue reportada por vecinos de la calle Emilio Carranza entre Benito Ju\u00e1rez y Mina, que tiene varias semanas de haber sido reportada varias veces ante Servicios de Agua y Drenaje de Monterrey, quien hasta el momento ha hecho caso omiso al respecto.<\/span><\/p>\n<p>La problem\u00e1tica seg\u00fan los vecinos radica en que la tuber\u00eda ya no existe, ya que era de la tuber\u00eda antigua de barro que se deshizo por el paso del tiempo y el uso.<br \/>\nLos vecinos siguen soportando malos olores, insalubridad y riesgo de infecciones con esta problem\u00e1tica que piden sea solucionada a la brevedad posible.<\/p>\n<p>Fuente: Peri\u00f3dico LUP<\/p>\n","protected":false},"excerpt":{"rendered":"<p>Juarez, N.L.- Una fuga en pleno centro del municipio fue reportada por vecinos de la calle Emilio Carranza entre Benito Ju\u00e1rez y Mina, que tiene varias semanas de haber sido reportada varias veces ante Servicios de Agua y Drenaje de Monterrey, quien hasta el momento ha hecho caso omiso al respecto. La problem\u00e1tica seg\u00fan los [&hellip;]<\/p>\n","protected":false},"author":9,"featured_media":20089,"comment_status":"closed","ping_status":"closed","sticky":false,"template":"","format":"standard","meta":{"footnotes":""},"categories":[17],"tags":[3076,1123],"class_list":["post-20101","post","type-post","status-publish","format-standard","has-post-thumbnail","hentry","category-locales-cadereyta","tag-fuente-la-ultima-palabra","tag-fugas-drenaje-cadereyta"],"_links":{"self":[{"href":"https:\/\/laultimapalabra.com.mx\/portal\/wp-json\/wp\/v2\/posts\/20101","targetHints":{"allow":["GET"]}}],"collection":[{"href":"https:\/\/laultimapalabra.com.mx\/portal\/wp-json\/wp\/v2\/posts"}],"about":[{"href":"https:\/\/laultimapalabra.com.mx\/portal\/wp-json\/wp\/v2\/types\/post"}],"author":[{"embeddable":true,"href":"https:\/\/laultimapalabra.com.mx\/portal\/wp-json\/wp\/v2\/users\/9"}],"replies":[{"embeddable":true,"href":"https:\/\/laultimapalabra.com.mx\/portal\/wp-json\/wp\/v2\/comments?post=20101"}],"version-history":[{"count":2,"href":"https:\/\/laultimapalabra.com.mx\/portal\/wp-json\/wp\/v2\/posts\/20101\/revisions"}],"predecessor-version":[{"id":73214,"href":"https:\/\/laultimapalabra.com.mx\/portal\/wp-json\/wp\/v2\/posts\/20101\/revisions\/73214"}],"wp:featuredmedia":[{"embeddable":true,"href":"https:\/\/laultimapalabra.com.mx\/portal\/wp-json\/wp\/v2\/media\/20089"}],"wp:attachment":[{"href":"https:\/\/laultimapalabra.com.mx\/portal\/wp-json\/wp\/v2\/media?parent=20101"}],"wp:term":[{"taxonomy":"category","embeddable":true,"href":"https:\/\/laultimapalabra.com.mx\/portal\/wp-json\/wp\/v2\/categories?post=20101"},{"taxonomy":"post_tag","embeddable":true,"href":"https:\/\/laultimapalabra.com.mx\/portal\/wp-json\/wp\/v2\/tags?post=20101"}],"curies":[{"name":"wp","href":"https:\/\/api.w.org\/{rel}","templated":true}]}}