                       {"id":20130,"date":"2021-06-10T14:55:56","date_gmt":"2021-06-10T20:55:56","guid":{"rendered":"https:\/\/laultimapalabra.com.mx\/portal\/?p=20130"},"modified":"2024-12-11T10:14:51","modified_gmt":"2024-12-11T16:14:51","slug":"para-variar-reportan-fuga-de-drenaje-en-col-geronimo-trevino-en-cadereyta","status":"publish","type":"post","link":"https:\/\/laultimapalabra.com.mx\/portal\/para-variar-reportan-fuga-de-drenaje-en-col-geronimo-trevino-en-cadereyta\/","title":{"rendered":"Para variar&#8230;  Reportan fuga de drenaje en col. Geronimo Trevi\u00f1o en Cadereyta"},"content":{"rendered":"<p><span style=\"font-size: 1rem;\"><img loading=\"lazy\" decoding=\"async\" class=\"size-medium wp-image-20131 alignleft\" src=\"https:\/\/laultimapalabra.com.mx\/portal\/wp-content\/uploads\/2021\/06\/IMG-20210610-WA0031-300x155.jpg\" alt=\"\" width=\"300\" height=\"155\" srcset=\"https:\/\/laultimapalabra.com.mx\/portal\/wp-content\/uploads\/2021\/06\/IMG-20210610-WA0031-300x155.jpg 300w, https:\/\/laultimapalabra.com.mx\/portal\/wp-content\/uploads\/2021\/06\/IMG-20210610-WA0031.jpg 720w\" sizes=\"auto, (max-width: 300px) 100vw, 300px\" \/>Cadereyta Jim\u00e9nez, N.L.- Y para que se vea que Servicios de Agua y Drenaje de Monterrey no solo trabaja mal en el municipio de Ju\u00e1rez; como nuestra est\u00e1 la fuga de drenaje reportada por vecinos de la prolongaci\u00f3n Mutualismo en la colonia Geronimo Trevi\u00f1o, donde desde hace un d\u00eda los habitantes del sector tienen que soportar p\u00e9simo olores, as\u00ed como el foco de infecci\u00f3n que esto representa al igual que la mala apariencia que da a la comunidad.<\/span><\/p>\n<p>Desafortunadamente, los deshechos de est\u00e1 fuga adem\u00e1s de ir a dar a la colonia Veteranos, terminan como de costumbre contaminando al ya tan da\u00f1ado r\u00edo Santa Catarina.<br \/>\nPor ello, solicitamos encarecidamente a la paraestatal para que prest\u00e9 atenci\u00f3n a estas problem\u00e1ticas que tanto afectan a los habitantes de las diferentes colonias que padecen est\u00e1 situaci\u00f3n.<\/p>\n<p>Fuente: Peri\u00f3dico La \u00daltima Palabra<\/p>\n","protected":false},"excerpt":{"rendered":"<p>Cadereyta Jim\u00e9nez, N.L.- Y para que se vea que Servicios de Agua y Drenaje de Monterrey no solo trabaja mal en el municipio de Ju\u00e1rez; como nuestra est\u00e1 la fuga de drenaje reportada por vecinos de la prolongaci\u00f3n Mutualismo en la colonia Geronimo Trevi\u00f1o, donde desde hace un d\u00eda los habitantes del sector tienen que [&hellip;]<\/p>\n","protected":false},"author":9,"featured_media":20131,"comment_status":"closed","ping_status":"closed","sticky":false,"template":"","format":"standard","meta":{"footnotes":""},"categories":[17],"tags":[3076,1123],"class_list":["post-20130","post","type-post","status-publish","format-standard","has-post-thumbnail","hentry","category-locales-cadereyta","tag-fuente-la-ultima-palabra","tag-fugas-drenaje-cadereyta"],"_links":{"self":[{"href":"https:\/\/laultimapalabra.com.mx\/portal\/wp-json\/wp\/v2\/posts\/20130","targetHints":{"allow":["GET"]}}],"collection":[{"href":"https:\/\/laultimapalabra.com.mx\/portal\/wp-json\/wp\/v2\/posts"}],"about":[{"href":"https:\/\/laultimapalabra.com.mx\/portal\/wp-json\/wp\/v2\/types\/post"}],"author":[{"embeddable":true,"href":"https:\/\/laultimapalabra.com.mx\/portal\/wp-json\/wp\/v2\/users\/9"}],"replies":[{"embeddable":true,"href":"https:\/\/laultimapalabra.com.mx\/portal\/wp-json\/wp\/v2\/comments?post=20130"}],"version-history":[{"count":2,"href":"https:\/\/laultimapalabra.com.mx\/portal\/wp-json\/wp\/v2\/posts\/20130\/revisions"}],"predecessor-version":[{"id":73226,"href":"https:\/\/laultimapalabra.com.mx\/portal\/wp-json\/wp\/v2\/posts\/20130\/revisions\/73226"}],"wp:featuredmedia":[{"embeddable":true,"href":"https:\/\/laultimapalabra.com.mx\/portal\/wp-json\/wp\/v2\/media\/20131"}],"wp:attachment":[{"href":"https:\/\/laultimapalabra.com.mx\/portal\/wp-json\/wp\/v2\/media?parent=20130"}],"wp:term":[{"taxonomy":"category","embeddable":true,"href":"https:\/\/laultimapalabra.com.mx\/portal\/wp-json\/wp\/v2\/categories?post=20130"},{"taxonomy":"post_tag","embeddable":true,"href":"https:\/\/laultimapalabra.com.mx\/portal\/wp-json\/wp\/v2\/tags?post=20130"}],"curies":[{"name":"wp","href":"https:\/\/api.w.org\/{rel}","templated":true}]}}