                       {"id":20187,"date":"2021-06-15T12:39:31","date_gmt":"2021-06-15T18:39:31","guid":{"rendered":"https:\/\/laultimapalabra.com.mx\/portal\/?p=20187"},"modified":"2024-12-11T10:14:52","modified_gmt":"2024-12-11T16:14:52","slug":"realizan-con-exito-macro-feria-del-empleo-en-juarez","status":"publish","type":"post","link":"https:\/\/laultimapalabra.com.mx\/portal\/realizan-con-exito-macro-feria-del-empleo-en-juarez\/","title":{"rendered":"Realizan con \u00e9xito Macro Feria del Empleo en Ju\u00e1rez"},"content":{"rendered":"<p><span style=\"font-size: 1rem;\"><img loading=\"lazy\" decoding=\"async\" class=\"size-medium wp-image-20191 alignleft\" src=\"https:\/\/laultimapalabra.com.mx\/portal\/wp-content\/uploads\/2021\/06\/hl-112123852-300x200.jpeg\" alt=\"\" width=\"300\" height=\"200\" srcset=\"https:\/\/laultimapalabra.com.mx\/portal\/wp-content\/uploads\/2021\/06\/hl-112123852-300x200.jpeg 300w, https:\/\/laultimapalabra.com.mx\/portal\/wp-content\/uploads\/2021\/06\/hl-112123852.jpeg 512w\" sizes=\"auto, (max-width: 300px) 100vw, 300px\" \/>Ju\u00e1rez, N.L.- El Gobierno Municipal de Ju\u00e1rez, encabezado por el Alcalde Everardo Benavides Villarreal, a trav\u00e9s de la Secretar\u00eda de Desarrollo Econ\u00f3mico realiz\u00f3 una Macro Feria del Empleo para acercar oportunidades y apoyar a las familias a que obtengan un ingreso.<\/span><\/p>\n<p>Pensando en todas aquellas personas que est\u00e1n pr\u00f3ximos a regresar a su rutina habitual, se ofertaron m\u00e1s de mil vacantes en las m\u00e1s de 50 empresas que se dieron cita en el auditorio municipal.<\/p>\n<p>Dentro de las opciones que ofertaron las empresas son: puestos administrativos, guardias, tablajeros, operadores, montacarguistas, soldadores y choferes, buscando se queden a laborar sin salir de la ciudad o en un municipio lo m\u00e1s cercano posible.<\/p>\n<p>Para todos los interesados que no pudieron asistir, la Direcci\u00f3n de Empleo se encuentra de manera permanente en la Presidencia Municipal, para brindar informaci\u00f3n de empresas o bien comunicarse al tel\u00e9fono: 8121-4744-42 .<\/p>\n<p>Para finalizar el Alcalde Everardo Benavides Villarreal acudi\u00f3 para conversar con los diferentes reclutadores y saludar a todos los juarenses que se encontraban al momento en la b\u00fasqueda de una oportunidad de trabajo reiterando el compromiso para seguir con este tipo de ferias laborales en los pr\u00f3ximos meses.<\/p>\n","protected":false},"excerpt":{"rendered":"<p>Ju\u00e1rez, N.L.- El Gobierno Municipal de Ju\u00e1rez, encabezado por el Alcalde Everardo Benavides Villarreal, a trav\u00e9s de la Secretar\u00eda de Desarrollo Econ\u00f3mico realiz\u00f3 una Macro Feria del Empleo para acercar oportunidades y apoyar a las familias a que obtengan un ingreso. Pensando en todas aquellas personas que est\u00e1n pr\u00f3ximos a regresar a su rutina habitual, [&hellip;]<\/p>\n","protected":false},"author":9,"featured_media":20190,"comment_status":"closed","ping_status":"closed","sticky":false,"template":"","format":"standard","meta":{"footnotes":""},"categories":[18],"tags":[2720,1062,3076],"class_list":["post-20187","post","type-post","status-publish","format-standard","has-post-thumbnail","hentry","category-locales-juarez","tag-everardo-benavides","tag-feria-del-empleo-juarez","tag-fuente-la-ultima-palabra"],"_links":{"self":[{"href":"https:\/\/laultimapalabra.com.mx\/portal\/wp-json\/wp\/v2\/posts\/20187","targetHints":{"allow":["GET"]}}],"collection":[{"href":"https:\/\/laultimapalabra.com.mx\/portal\/wp-json\/wp\/v2\/posts"}],"about":[{"href":"https:\/\/laultimapalabra.com.mx\/portal\/wp-json\/wp\/v2\/types\/post"}],"author":[{"embeddable":true,"href":"https:\/\/laultimapalabra.com.mx\/portal\/wp-json\/wp\/v2\/users\/9"}],"replies":[{"embeddable":true,"href":"https:\/\/laultimapalabra.com.mx\/portal\/wp-json\/wp\/v2\/comments?post=20187"}],"version-history":[{"count":3,"href":"https:\/\/laultimapalabra.com.mx\/portal\/wp-json\/wp\/v2\/posts\/20187\/revisions"}],"predecessor-version":[{"id":73250,"href":"https:\/\/laultimapalabra.com.mx\/portal\/wp-json\/wp\/v2\/posts\/20187\/revisions\/73250"}],"wp:featuredmedia":[{"embeddable":true,"href":"https:\/\/laultimapalabra.com.mx\/portal\/wp-json\/wp\/v2\/media\/20190"}],"wp:attachment":[{"href":"https:\/\/laultimapalabra.com.mx\/portal\/wp-json\/wp\/v2\/media?parent=20187"}],"wp:term":[{"taxonomy":"category","embeddable":true,"href":"https:\/\/laultimapalabra.com.mx\/portal\/wp-json\/wp\/v2\/categories?post=20187"},{"taxonomy":"post_tag","embeddable":true,"href":"https:\/\/laultimapalabra.com.mx\/portal\/wp-json\/wp\/v2\/tags?post=20187"}],"curies":[{"name":"wp","href":"https:\/\/api.w.org\/{rel}","templated":true}]}}