                       {"id":20215,"date":"2021-06-16T10:05:20","date_gmt":"2021-06-16T16:05:20","guid":{"rendered":"https:\/\/laultimapalabra.com.mx\/portal\/?p=20215"},"modified":"2024-12-11T10:14:53","modified_gmt":"2024-12-11T16:14:53","slug":"incendio-consume-lote-particular-en-san-mateo","status":"publish","type":"post","link":"https:\/\/laultimapalabra.com.mx\/portal\/incendio-consume-lote-particular-en-san-mateo\/","title":{"rendered":"Incendio consume lote particular en San Mateo"},"content":{"rendered":"<p><span style=\"font-size: 1rem;\"><img loading=\"lazy\" decoding=\"async\" class=\"size-medium wp-image-20216 alignleft\" src=\"https:\/\/laultimapalabra.com.mx\/portal\/wp-content\/uploads\/2021\/06\/IMG-20210615-WA0087-300x169.jpg\" alt=\"\" width=\"300\" height=\"169\" srcset=\"https:\/\/laultimapalabra.com.mx\/portal\/wp-content\/uploads\/2021\/06\/IMG-20210615-WA0087-300x169.jpg 300w, https:\/\/laultimapalabra.com.mx\/portal\/wp-content\/uploads\/2021\/06\/IMG-20210615-WA0087-1024x576.jpg 1024w, https:\/\/laultimapalabra.com.mx\/portal\/wp-content\/uploads\/2021\/06\/IMG-20210615-WA0087-768x432.jpg 768w, https:\/\/laultimapalabra.com.mx\/portal\/wp-content\/uploads\/2021\/06\/IMG-20210615-WA0087.jpg 1280w\" sizes=\"auto, (max-width: 300px) 100vw, 300px\" \/>Cadereyta Jim\u00e9nez, N.L.- La tarde de ayer alrededor de las 17:30 horas se report\u00f3 un incendio en el camino a San Mateo donde afortunadamente s\u00f3lo se reportaron perdidas materiales como la quema de corrales, entre otras cosas.<\/span><\/p>\n<p>La causa del siniestro se desconoce pero trascendi\u00f3 que podr\u00eda ser la quema de basura clandestina.<br \/>\nAl lugar de los hechos a acudieron los Bomberos de Cadereyta, quienes controlaron el incendio.<\/p>\n<p>Fuente: La \u00daltima Palabra<\/p>\n<p>&nbsp;<\/p>\n","protected":false},"excerpt":{"rendered":"<p>Cadereyta Jim\u00e9nez, N.L.- La tarde de ayer alrededor de las 17:30 horas se report\u00f3 un incendio en el camino a San Mateo donde afortunadamente s\u00f3lo se reportaron perdidas materiales como la quema de corrales, entre otras cosas. La causa del siniestro se desconoce pero trascendi\u00f3 que podr\u00eda ser la quema de basura clandestina. Al lugar [&hellip;]<\/p>\n","protected":false},"author":9,"featured_media":20216,"comment_status":"closed","ping_status":"closed","sticky":false,"template":"","format":"standard","meta":{"footnotes":""},"categories":[8,9],"tags":[3076,1260,2136],"class_list":["post-20215","post","type-post","status-publish","format-standard","has-post-thumbnail","hentry","category-seguridad","category-seguridad-cadereyta","tag-fuente-la-ultima-palabra","tag-incendios-cadereyta","tag-servicios-de-emergencias-cadereyta"],"_links":{"self":[{"href":"https:\/\/laultimapalabra.com.mx\/portal\/wp-json\/wp\/v2\/posts\/20215","targetHints":{"allow":["GET"]}}],"collection":[{"href":"https:\/\/laultimapalabra.com.mx\/portal\/wp-json\/wp\/v2\/posts"}],"about":[{"href":"https:\/\/laultimapalabra.com.mx\/portal\/wp-json\/wp\/v2\/types\/post"}],"author":[{"embeddable":true,"href":"https:\/\/laultimapalabra.com.mx\/portal\/wp-json\/wp\/v2\/users\/9"}],"replies":[{"embeddable":true,"href":"https:\/\/laultimapalabra.com.mx\/portal\/wp-json\/wp\/v2\/comments?post=20215"}],"version-history":[{"count":2,"href":"https:\/\/laultimapalabra.com.mx\/portal\/wp-json\/wp\/v2\/posts\/20215\/revisions"}],"predecessor-version":[{"id":73262,"href":"https:\/\/laultimapalabra.com.mx\/portal\/wp-json\/wp\/v2\/posts\/20215\/revisions\/73262"}],"wp:featuredmedia":[{"embeddable":true,"href":"https:\/\/laultimapalabra.com.mx\/portal\/wp-json\/wp\/v2\/media\/20216"}],"wp:attachment":[{"href":"https:\/\/laultimapalabra.com.mx\/portal\/wp-json\/wp\/v2\/media?parent=20215"}],"wp:term":[{"taxonomy":"category","embeddable":true,"href":"https:\/\/laultimapalabra.com.mx\/portal\/wp-json\/wp\/v2\/categories?post=20215"},{"taxonomy":"post_tag","embeddable":true,"href":"https:\/\/laultimapalabra.com.mx\/portal\/wp-json\/wp\/v2\/tags?post=20215"}],"curies":[{"name":"wp","href":"https:\/\/api.w.org\/{rel}","templated":true}]}}