                       {"id":20224,"date":"2021-06-16T10:18:43","date_gmt":"2021-06-16T16:18:43","guid":{"rendered":"https:\/\/laultimapalabra.com.mx\/portal\/?p=20224"},"modified":"2024-12-11T10:14:53","modified_gmt":"2024-12-11T16:14:53","slug":"encuentran-muerto-a-un-hombre-en-un-baldio-en-la-colonia-jardines-de-cadereyta","status":"publish","type":"post","link":"https:\/\/laultimapalabra.com.mx\/portal\/encuentran-muerto-a-un-hombre-en-un-baldio-en-la-colonia-jardines-de-cadereyta\/","title":{"rendered":"Encuentran muerto a un hombre en un bald\u00edo en la colonia Jardines de Cadereyta"},"content":{"rendered":"<p><span style=\"font-size: 1rem;\"><img loading=\"lazy\" decoding=\"async\" class=\"size-medium wp-image-20217 alignleft\" src=\"https:\/\/laultimapalabra.com.mx\/portal\/wp-content\/uploads\/2021\/06\/IMG-20210615-WA0095-300x168.jpg\" alt=\"\" width=\"300\" height=\"168\" srcset=\"https:\/\/laultimapalabra.com.mx\/portal\/wp-content\/uploads\/2021\/06\/IMG-20210615-WA0095-300x168.jpg 300w, https:\/\/laultimapalabra.com.mx\/portal\/wp-content\/uploads\/2021\/06\/IMG-20210615-WA0095-1024x575.jpg 1024w, https:\/\/laultimapalabra.com.mx\/portal\/wp-content\/uploads\/2021\/06\/IMG-20210615-WA0095-768x431.jpg 768w, https:\/\/laultimapalabra.com.mx\/portal\/wp-content\/uploads\/2021\/06\/IMG-20210615-WA0095-1536x862.jpg 1536w, https:\/\/laultimapalabra.com.mx\/portal\/wp-content\/uploads\/2021\/06\/IMG-20210615-WA0095.jpg 1600w\" sizes=\"auto, (max-width: 300px) 100vw, 300px\" \/>CADEREYTA JIMENEZ, N.L.- Un hombre fue encontrado sin vida y con m\u00faltiples heridas de bala, la noche de ayer al interior de un terreno bald\u00edo ubicado en la colonia Jardines de Cadereyta, en la citada localidad.<\/span><\/p>\n<p><span style=\"font-weight: 400;\">El reporte lleg\u00f3 a las autoridades locales al filo de las 22:00 horas en el lote ubicado en el cruce de las calles Mandarina y Lim\u00f3n.<\/span><\/p>\n<p><span style=\"font-weight: 400;\">El hallazgo moviliz\u00f3 a los efectivos municipales al lugar, el cual fue asegurado, en tanto que peritos del Instituto de Criminal\u00edstica y Servicios Periciales realizaban las primeras investigaciones del hecho.<\/span><\/p>\n<p><span style=\"font-weight: 400;\">El hoy occiso ten\u00eda entre 25 y 35 a\u00f1os de edad y fue identificado por sus familiares solamente como &#8220;Rub\u00e9n&#8221;.\u00a0<\/span><\/p>\n","protected":false},"excerpt":{"rendered":"<p>CADEREYTA JIMENEZ, N.L.- Un hombre fue encontrado sin vida y con m\u00faltiples heridas de bala, la noche de ayer al interior de un terreno bald\u00edo ubicado en la colonia Jardines de Cadereyta, en la citada localidad. El reporte lleg\u00f3 a las autoridades locales al filo de las 22:00 horas en el lote ubicado en el [&hellip;]<\/p>\n","protected":false},"author":9,"featured_media":20217,"comment_status":"closed","ping_status":"closed","sticky":false,"template":"","format":"standard","meta":{"footnotes":""},"categories":[8,9],"tags":[926,3076],"class_list":["post-20224","post","type-post","status-publish","format-standard","has-post-thumbnail","hentry","category-seguridad","category-seguridad-cadereyta","tag-ejecutados-cadereyta","tag-fuente-la-ultima-palabra"],"_links":{"self":[{"href":"https:\/\/laultimapalabra.com.mx\/portal\/wp-json\/wp\/v2\/posts\/20224","targetHints":{"allow":["GET"]}}],"collection":[{"href":"https:\/\/laultimapalabra.com.mx\/portal\/wp-json\/wp\/v2\/posts"}],"about":[{"href":"https:\/\/laultimapalabra.com.mx\/portal\/wp-json\/wp\/v2\/types\/post"}],"author":[{"embeddable":true,"href":"https:\/\/laultimapalabra.com.mx\/portal\/wp-json\/wp\/v2\/users\/9"}],"replies":[{"embeddable":true,"href":"https:\/\/laultimapalabra.com.mx\/portal\/wp-json\/wp\/v2\/comments?post=20224"}],"version-history":[{"count":2,"href":"https:\/\/laultimapalabra.com.mx\/portal\/wp-json\/wp\/v2\/posts\/20224\/revisions"}],"predecessor-version":[{"id":73264,"href":"https:\/\/laultimapalabra.com.mx\/portal\/wp-json\/wp\/v2\/posts\/20224\/revisions\/73264"}],"wp:featuredmedia":[{"embeddable":true,"href":"https:\/\/laultimapalabra.com.mx\/portal\/wp-json\/wp\/v2\/media\/20217"}],"wp:attachment":[{"href":"https:\/\/laultimapalabra.com.mx\/portal\/wp-json\/wp\/v2\/media?parent=20224"}],"wp:term":[{"taxonomy":"category","embeddable":true,"href":"https:\/\/laultimapalabra.com.mx\/portal\/wp-json\/wp\/v2\/categories?post=20224"},{"taxonomy":"post_tag","embeddable":true,"href":"https:\/\/laultimapalabra.com.mx\/portal\/wp-json\/wp\/v2\/tags?post=20224"}],"curies":[{"name":"wp","href":"https:\/\/api.w.org\/{rel}","templated":true}]}}