                       {"id":20244,"date":"2021-06-17T10:06:12","date_gmt":"2021-06-17T16:06:12","guid":{"rendered":"https:\/\/laultimapalabra.com.mx\/portal\/?p=20244"},"modified":"2024-12-11T10:14:53","modified_gmt":"2024-12-11T16:14:53","slug":"matan-a-dos-hombres-en-cadereyt","status":"publish","type":"post","link":"https:\/\/laultimapalabra.com.mx\/portal\/matan-a-dos-hombres-en-cadereyt\/","title":{"rendered":"Matan a dos hombres en Cadereyt"},"content":{"rendered":"<p><span style=\"font-size: 1rem;\">*La doble ejecuci\u00f3n fue reportada alrededor de las 22:00 horas, sobre la calle Edelmiro Gonz\u00e1lez, en la Colonia Jos\u00e9 O. Mart\u00ednez.<\/span><\/p>\n<p><img loading=\"lazy\" decoding=\"async\" class=\"size-medium wp-image-20246 alignleft\" src=\"https:\/\/laultimapalabra.com.mx\/portal\/wp-content\/uploads\/2021\/06\/IMG-20210616-WA0045-300x225.jpg\" alt=\"\" width=\"300\" height=\"225\" srcset=\"https:\/\/laultimapalabra.com.mx\/portal\/wp-content\/uploads\/2021\/06\/IMG-20210616-WA0045-300x225.jpg 300w, https:\/\/laultimapalabra.com.mx\/portal\/wp-content\/uploads\/2021\/06\/IMG-20210616-WA0045-1024x768.jpg 1024w, https:\/\/laultimapalabra.com.mx\/portal\/wp-content\/uploads\/2021\/06\/IMG-20210616-WA0045-768x576.jpg 768w, https:\/\/laultimapalabra.com.mx\/portal\/wp-content\/uploads\/2021\/06\/IMG-20210616-WA0045.jpg 1040w\" sizes=\"auto, (max-width: 300px) 100vw, 300px\" \/>Cadereyta Jim\u00e9nez, N.L.- Cuando se encontraban platicando en la v\u00eda p\u00fablica, dos hombres fueron ejecutados por delincuentes que les dispararon desde un auto, en Cadereyta.<\/p>\n<p>La doble ejecuci\u00f3n fue reportada alrededor de las 22:00 horas, sobre la calle Edelmiro Gonz\u00e1lez, en la Colonia Jos\u00e9 O. Mart\u00ednez.<\/p>\n<p>Al lugar llegaron rescatistas de Protecci\u00f3n Civil de Cadereyta, quienes confirmaron la muerte de los dos hombres, quienes eran vecinos del sector.<\/p>\n<p>Uniformados de la Polic\u00eda de Cadereyta acordonaron la escena del crimen para resguardar las evidencias.<\/p>\n<p>Fuente: El Norte<\/p>\n<p>&nbsp;<\/p>\n","protected":false},"excerpt":{"rendered":"<p>*La doble ejecuci\u00f3n fue reportada alrededor de las 22:00 horas, sobre la calle Edelmiro Gonz\u00e1lez, en la Colonia Jos\u00e9 O. Mart\u00ednez. Cadereyta Jim\u00e9nez, N.L.- Cuando se encontraban platicando en la v\u00eda p\u00fablica, dos hombres fueron ejecutados por delincuentes que les dispararon desde un auto, en Cadereyta. La doble ejecuci\u00f3n fue reportada alrededor de las 22:00 [&hellip;]<\/p>\n","protected":false},"author":9,"featured_media":20245,"comment_status":"closed","ping_status":"closed","sticky":false,"template":"","format":"standard","meta":{"footnotes":""},"categories":[8,9],"tags":[926,3076],"class_list":["post-20244","post","type-post","status-publish","format-standard","has-post-thumbnail","hentry","category-seguridad","category-seguridad-cadereyta","tag-ejecutados-cadereyta","tag-fuente-la-ultima-palabra"],"_links":{"self":[{"href":"https:\/\/laultimapalabra.com.mx\/portal\/wp-json\/wp\/v2\/posts\/20244","targetHints":{"allow":["GET"]}}],"collection":[{"href":"https:\/\/laultimapalabra.com.mx\/portal\/wp-json\/wp\/v2\/posts"}],"about":[{"href":"https:\/\/laultimapalabra.com.mx\/portal\/wp-json\/wp\/v2\/types\/post"}],"author":[{"embeddable":true,"href":"https:\/\/laultimapalabra.com.mx\/portal\/wp-json\/wp\/v2\/users\/9"}],"replies":[{"embeddable":true,"href":"https:\/\/laultimapalabra.com.mx\/portal\/wp-json\/wp\/v2\/comments?post=20244"}],"version-history":[{"count":2,"href":"https:\/\/laultimapalabra.com.mx\/portal\/wp-json\/wp\/v2\/posts\/20244\/revisions"}],"predecessor-version":[{"id":73276,"href":"https:\/\/laultimapalabra.com.mx\/portal\/wp-json\/wp\/v2\/posts\/20244\/revisions\/73276"}],"wp:featuredmedia":[{"embeddable":true,"href":"https:\/\/laultimapalabra.com.mx\/portal\/wp-json\/wp\/v2\/media\/20245"}],"wp:attachment":[{"href":"https:\/\/laultimapalabra.com.mx\/portal\/wp-json\/wp\/v2\/media?parent=20244"}],"wp:term":[{"taxonomy":"category","embeddable":true,"href":"https:\/\/laultimapalabra.com.mx\/portal\/wp-json\/wp\/v2\/categories?post=20244"},{"taxonomy":"post_tag","embeddable":true,"href":"https:\/\/laultimapalabra.com.mx\/portal\/wp-json\/wp\/v2\/tags?post=20244"}],"curies":[{"name":"wp","href":"https:\/\/api.w.org\/{rel}","templated":true}]}}