                       {"id":20249,"date":"2021-06-17T10:13:13","date_gmt":"2021-06-17T16:13:13","guid":{"rendered":"https:\/\/laultimapalabra.com.mx\/portal\/?p=20249"},"modified":"2024-12-11T10:14:54","modified_gmt":"2024-12-11T16:14:54","slug":"moviliza-fuga-de-gas-en-pipa-en-cadereyta","status":"publish","type":"post","link":"https:\/\/laultimapalabra.com.mx\/portal\/moviliza-fuga-de-gas-en-pipa-en-cadereyta\/","title":{"rendered":"Moviliza fuga de gas en pipa en Cadereyta"},"content":{"rendered":"<p><span style=\"font-size: 1rem;\"><img loading=\"lazy\" decoding=\"async\" class=\"size-medium wp-image-20247 alignleft\" src=\"https:\/\/laultimapalabra.com.mx\/portal\/wp-content\/uploads\/2021\/06\/IMG-20210617-WA0007-300x200.jpg\" alt=\"\" width=\"300\" height=\"200\" srcset=\"https:\/\/laultimapalabra.com.mx\/portal\/wp-content\/uploads\/2021\/06\/IMG-20210617-WA0007-300x200.jpg 300w, https:\/\/laultimapalabra.com.mx\/portal\/wp-content\/uploads\/2021\/06\/IMG-20210617-WA0007-768x512.jpg 768w, https:\/\/laultimapalabra.com.mx\/portal\/wp-content\/uploads\/2021\/06\/IMG-20210617-WA0007.jpg 960w\" sizes=\"auto, (max-width: 300px) 100vw, 300px\" \/>Cadereyta Jim\u00e9nez, N<\/span><span style=\"font-size: 1rem;\">L.- Un tramo cerrado de la Carretera a Allende y una movilizaci\u00f3n de rescatistas desat\u00f3 una fuga de gas en un tr\u00e1iler pipa, en Cadereyta.<\/span><\/p>\n<p>Alrededor de las 18:00 horas de ayer se report\u00f3 el accidente, a la altura del kil\u00f3metro 5.<\/p>\n<p>Seg\u00fan las primeras investigaciones, la unidad de carga, que transportaba unos 12 mil litros de gas LP, se desplazaba de Allende a Cadereyta cuando se registr\u00f3 una falla en una v\u00e1lvula.<\/p>\n<p>Al ser alertado por otros conductores, el chofer de la empresa Gas Saga detuvo la marcha y al confirmar la fuga pidi\u00f3 el auxilio de los puestos de socorro.<\/p>\n<p>Bomberos y rescatistas acudieron y de inmediato ordenaron el cierre de la circulaci\u00f3n en ambos sentidos.<\/p>\n<p>Una fuente dijo que el cierre vial, que dur\u00f3 poco m\u00e1s de una hora, fue para evitar un flamazo provocado por la chispa de otro veh\u00edculo.<\/p>\n<p>Mientras se reparaba la fuga, Bomberos rociaron agua sobre la pipa para evitar un sobrecalentamiento.<\/p>\n<p>Fuente: El Norte<\/p>\n","protected":false},"excerpt":{"rendered":"<p>Cadereyta Jim\u00e9nez, NL.- Un tramo cerrado de la Carretera a Allende y una movilizaci\u00f3n de rescatistas desat\u00f3 una fuga de gas en un tr\u00e1iler pipa, en Cadereyta. Alrededor de las 18:00 horas de ayer se report\u00f3 el accidente, a la altura del kil\u00f3metro 5. Seg\u00fan las primeras investigaciones, la unidad de carga, que transportaba unos [&hellip;]<\/p>\n","protected":false},"author":9,"featured_media":20247,"comment_status":"closed","ping_status":"closed","sticky":false,"template":"","format":"standard","meta":{"footnotes":""},"categories":[17],"tags":[3149,2136],"class_list":["post-20249","post","type-post","status-publish","format-standard","has-post-thumbnail","hentry","category-locales-cadereyta","tag-fugas-de-gas-cadereyta","tag-servicios-de-emergencias-cadereyta"],"_links":{"self":[{"href":"https:\/\/laultimapalabra.com.mx\/portal\/wp-json\/wp\/v2\/posts\/20249","targetHints":{"allow":["GET"]}}],"collection":[{"href":"https:\/\/laultimapalabra.com.mx\/portal\/wp-json\/wp\/v2\/posts"}],"about":[{"href":"https:\/\/laultimapalabra.com.mx\/portal\/wp-json\/wp\/v2\/types\/post"}],"author":[{"embeddable":true,"href":"https:\/\/laultimapalabra.com.mx\/portal\/wp-json\/wp\/v2\/users\/9"}],"replies":[{"embeddable":true,"href":"https:\/\/laultimapalabra.com.mx\/portal\/wp-json\/wp\/v2\/comments?post=20249"}],"version-history":[{"count":2,"href":"https:\/\/laultimapalabra.com.mx\/portal\/wp-json\/wp\/v2\/posts\/20249\/revisions"}],"predecessor-version":[{"id":73278,"href":"https:\/\/laultimapalabra.com.mx\/portal\/wp-json\/wp\/v2\/posts\/20249\/revisions\/73278"}],"wp:featuredmedia":[{"embeddable":true,"href":"https:\/\/laultimapalabra.com.mx\/portal\/wp-json\/wp\/v2\/media\/20247"}],"wp:attachment":[{"href":"https:\/\/laultimapalabra.com.mx\/portal\/wp-json\/wp\/v2\/media?parent=20249"}],"wp:term":[{"taxonomy":"category","embeddable":true,"href":"https:\/\/laultimapalabra.com.mx\/portal\/wp-json\/wp\/v2\/categories?post=20249"},{"taxonomy":"post_tag","embeddable":true,"href":"https:\/\/laultimapalabra.com.mx\/portal\/wp-json\/wp\/v2\/tags?post=20249"}],"curies":[{"name":"wp","href":"https:\/\/api.w.org\/{rel}","templated":true}]}}