                       {"id":20355,"date":"2021-06-24T14:38:59","date_gmt":"2021-06-24T20:38:59","guid":{"rendered":"https:\/\/laultimapalabra.com.mx\/portal\/?p=20355"},"modified":"2024-12-11T10:14:55","modified_gmt":"2024-12-11T16:14:55","slug":"peligran-peatones-y-automovilistas-en-santa-monica","status":"publish","type":"post","link":"https:\/\/laultimapalabra.com.mx\/portal\/peligran-peatones-y-automovilistas-en-santa-monica\/","title":{"rendered":"Peligran peatones y automovilistas en Santa M\u00f3nica"},"content":{"rendered":"<p><span style=\"font-size: 1rem;\"><img loading=\"lazy\" decoding=\"async\" class=\"size-medium wp-image-20344 alignleft\" src=\"https:\/\/laultimapalabra.com.mx\/portal\/wp-content\/uploads\/2021\/06\/IMG-20210624-WA0032-300x225.jpg\" alt=\"\" width=\"300\" height=\"225\" srcset=\"https:\/\/laultimapalabra.com.mx\/portal\/wp-content\/uploads\/2021\/06\/IMG-20210624-WA0032-300x225.jpg 300w, https:\/\/laultimapalabra.com.mx\/portal\/wp-content\/uploads\/2021\/06\/IMG-20210624-WA0032-1024x768.jpg 1024w, https:\/\/laultimapalabra.com.mx\/portal\/wp-content\/uploads\/2021\/06\/IMG-20210624-WA0032-768x576.jpg 768w, https:\/\/laultimapalabra.com.mx\/portal\/wp-content\/uploads\/2021\/06\/IMG-20210624-WA0032.jpg 1040w\" sizes=\"auto, (max-width: 300px) 100vw, 300px\" \/>Ju\u00e1rez, N.L.- La falta de rejillas en dos registros de drenaje pluvial en la calle Camino a las Espinas y San Carlos en la colonia Santa M\u00f3nica est\u00e1 poniendo en peligro la integridad de automovilistas y peatones.\u00a0<\/span><\/p>\n<p>Dicha arteria vial es demasiado concurrida, por ello la falta de restas tapas es un riesgo latente de ca\u00eddas, perdidas humanas y lesiones tanto para peatones como para conductores de veh\u00edculos.<\/p>\n<p>Asimismo, la calle San Carlos tambi\u00e9n presenta levantamiento de asfalto debido a las lluvias de los \u00faltimos d\u00edas.<\/p>\n<p>Se espera que en breve las autoridades competentes tomen cartas en ambos asuntos.<\/p>\n<p>&nbsp;<\/p>\n<p>\u00ad<\/p>\n<p>&nbsp;<\/p>\n","protected":false},"excerpt":{"rendered":"<p>Ju\u00e1rez, N.L.- La falta de rejillas en dos registros de drenaje pluvial en la calle Camino a las Espinas y San Carlos en la colonia Santa M\u00f3nica est\u00e1 poniendo en peligro la integridad de automovilistas y peatones.\u00a0 Dicha arteria vial es demasiado concurrida, por ello la falta de restas tapas es un riesgo latente de [&hellip;]<\/p>\n","protected":false},"author":9,"featured_media":20345,"comment_status":"closed","ping_status":"closed","sticky":false,"template":"","format":"standard","meta":{"footnotes":""},"categories":[18],"tags":[3076,3157],"class_list":["post-20355","post","type-post","status-publish","format-standard","has-post-thumbnail","hentry","category-locales-juarez","tag-fuente-la-ultima-palabra","tag-reporte-ciudadano-juarez"],"_links":{"self":[{"href":"https:\/\/laultimapalabra.com.mx\/portal\/wp-json\/wp\/v2\/posts\/20355","targetHints":{"allow":["GET"]}}],"collection":[{"href":"https:\/\/laultimapalabra.com.mx\/portal\/wp-json\/wp\/v2\/posts"}],"about":[{"href":"https:\/\/laultimapalabra.com.mx\/portal\/wp-json\/wp\/v2\/types\/post"}],"author":[{"embeddable":true,"href":"https:\/\/laultimapalabra.com.mx\/portal\/wp-json\/wp\/v2\/users\/9"}],"replies":[{"embeddable":true,"href":"https:\/\/laultimapalabra.com.mx\/portal\/wp-json\/wp\/v2\/comments?post=20355"}],"version-history":[{"count":2,"href":"https:\/\/laultimapalabra.com.mx\/portal\/wp-json\/wp\/v2\/posts\/20355\/revisions"}],"predecessor-version":[{"id":73310,"href":"https:\/\/laultimapalabra.com.mx\/portal\/wp-json\/wp\/v2\/posts\/20355\/revisions\/73310"}],"wp:featuredmedia":[{"embeddable":true,"href":"https:\/\/laultimapalabra.com.mx\/portal\/wp-json\/wp\/v2\/media\/20345"}],"wp:attachment":[{"href":"https:\/\/laultimapalabra.com.mx\/portal\/wp-json\/wp\/v2\/media?parent=20355"}],"wp:term":[{"taxonomy":"category","embeddable":true,"href":"https:\/\/laultimapalabra.com.mx\/portal\/wp-json\/wp\/v2\/categories?post=20355"},{"taxonomy":"post_tag","embeddable":true,"href":"https:\/\/laultimapalabra.com.mx\/portal\/wp-json\/wp\/v2\/tags?post=20355"}],"curies":[{"name":"wp","href":"https:\/\/api.w.org\/{rel}","templated":true}]}}