                       {"id":20412,"date":"2021-06-28T09:07:29","date_gmt":"2021-06-28T15:07:29","guid":{"rendered":"https:\/\/laultimapalabra.com.mx\/portal\/?p=20412"},"modified":"2024-12-11T10:14:56","modified_gmt":"2024-12-11T16:14:56","slug":"se-presentan-avistamientos-de-osos-en-area-rural-de-cadereyta","status":"publish","type":"post","link":"https:\/\/laultimapalabra.com.mx\/portal\/se-presentan-avistamientos-de-osos-en-area-rural-de-cadereyta\/","title":{"rendered":"Se presentan avistamientos de osos en \u00e1rea rural de Cadereyta"},"content":{"rendered":"<p><span style=\"font-size: 1rem;\"><img loading=\"lazy\" decoding=\"async\" class=\"size-medium wp-image-20414 alignleft\" src=\"https:\/\/laultimapalabra.com.mx\/portal\/wp-content\/uploads\/2021\/06\/IMG-20210628-WA0004-300x225.jpg\" alt=\"\" width=\"300\" height=\"225\" srcset=\"https:\/\/laultimapalabra.com.mx\/portal\/wp-content\/uploads\/2021\/06\/IMG-20210628-WA0004-300x225.jpg 300w, https:\/\/laultimapalabra.com.mx\/portal\/wp-content\/uploads\/2021\/06\/IMG-20210628-WA0004-1024x768.jpg 1024w, https:\/\/laultimapalabra.com.mx\/portal\/wp-content\/uploads\/2021\/06\/IMG-20210628-WA0004-768x576.jpg 768w, https:\/\/laultimapalabra.com.mx\/portal\/wp-content\/uploads\/2021\/06\/IMG-20210628-WA0004.jpg 1040w\" sizes=\"auto, (max-width: 300px) 100vw, 300px\" \/>Cadereyta Jim\u00e9nez, N.L.- El fin de semana al parecer fue determinado como el fin de semanas de visita de osos a las \u00e1rea rurales de Cadereyta, ya que fueron dos avistamientos de estos animales los que se suscitaron entre el s\u00e1bado y domingo.\u00a0<\/span><\/p>\n<p><span style=\"font-weight: 400;\">El primero en ser ser reportado fue el que se dio en la Hacienda General Trevi\u00f1o, donde habitantes de dicha comunidad lo dieron a conocer mediante videos posteados en sus redes sociales.<\/span><\/p>\n<p><span style=\"font-weight: 400;\">Asimismo, desde el d\u00eda de ayer y hasta hoy, otro fue visto en la comunidad de Villa Vieja, muy cerca de un centro religioso que por ah\u00ed se ubica.\u00a0<\/span><\/p>\n<p><span style=\"font-weight: 400;\">En ambos casos, los Servicios de Emergencia Cadereyta estuvieron presentes s\u00f3lo como manera de reporte; pues ya han hecho el se\u00f1alamiento de que en estos casos lo mejor es dejar al animal comer tranquilo para que de forma tranquila \u00e9ste pueda volver a su h\u00e1bitat.\u00a0<\/span><\/p>\n<p>&nbsp;<\/p>\n<p><span style=\"font-weight: 400;\">\u00a0<\/span><\/p>\n<p>&nbsp;<\/p>\n<p><span style=\"font-weight: 400;\">\u00a0<\/span><\/p>\n<p><span style=\"font-weight: 400;\">\u00a0<\/span><\/p>\n<p>&nbsp;<\/p>\n","protected":false},"excerpt":{"rendered":"<p>Cadereyta Jim\u00e9nez, N.L.- El fin de semana al parecer fue determinado como el fin de semanas de visita de osos a las \u00e1rea rurales de Cadereyta, ya que fueron dos avistamientos de estos animales los que se suscitaron entre el s\u00e1bado y domingo.\u00a0 El primero en ser ser reportado fue el que se dio en [&hellip;]<\/p>\n","protected":false},"author":9,"featured_media":20415,"comment_status":"closed","ping_status":"closed","sticky":false,"template":"","format":"standard","meta":{"footnotes":""},"categories":[17],"tags":[3164,3076],"class_list":["post-20412","post","type-post","status-publish","format-standard","has-post-thumbnail","hentry","category-locales-cadereyta","tag-avistamientos-de-osos-en-cadereyta","tag-fuente-la-ultima-palabra"],"_links":{"self":[{"href":"https:\/\/laultimapalabra.com.mx\/portal\/wp-json\/wp\/v2\/posts\/20412","targetHints":{"allow":["GET"]}}],"collection":[{"href":"https:\/\/laultimapalabra.com.mx\/portal\/wp-json\/wp\/v2\/posts"}],"about":[{"href":"https:\/\/laultimapalabra.com.mx\/portal\/wp-json\/wp\/v2\/types\/post"}],"author":[{"embeddable":true,"href":"https:\/\/laultimapalabra.com.mx\/portal\/wp-json\/wp\/v2\/users\/9"}],"replies":[{"embeddable":true,"href":"https:\/\/laultimapalabra.com.mx\/portal\/wp-json\/wp\/v2\/comments?post=20412"}],"version-history":[{"count":2,"href":"https:\/\/laultimapalabra.com.mx\/portal\/wp-json\/wp\/v2\/posts\/20412\/revisions"}],"predecessor-version":[{"id":73338,"href":"https:\/\/laultimapalabra.com.mx\/portal\/wp-json\/wp\/v2\/posts\/20412\/revisions\/73338"}],"wp:featuredmedia":[{"embeddable":true,"href":"https:\/\/laultimapalabra.com.mx\/portal\/wp-json\/wp\/v2\/media\/20415"}],"wp:attachment":[{"href":"https:\/\/laultimapalabra.com.mx\/portal\/wp-json\/wp\/v2\/media?parent=20412"}],"wp:term":[{"taxonomy":"category","embeddable":true,"href":"https:\/\/laultimapalabra.com.mx\/portal\/wp-json\/wp\/v2\/categories?post=20412"},{"taxonomy":"post_tag","embeddable":true,"href":"https:\/\/laultimapalabra.com.mx\/portal\/wp-json\/wp\/v2\/tags?post=20412"}],"curies":[{"name":"wp","href":"https:\/\/api.w.org\/{rel}","templated":true}]}}