                       {"id":20499,"date":"2021-07-01T13:27:55","date_gmt":"2021-07-01T19:27:55","guid":{"rendered":"https:\/\/laultimapalabra.com.mx\/portal\/?p=20499"},"modified":"2024-12-11T10:14:58","modified_gmt":"2024-12-11T16:14:58","slug":"anuncia-gobierno-de-juarez-nueva-fecha-para-vacunacion-contra-covid-19-de-40-a-49-anos","status":"publish","type":"post","link":"https:\/\/laultimapalabra.com.mx\/portal\/anuncia-gobierno-de-juarez-nueva-fecha-para-vacunacion-contra-covid-19-de-40-a-49-anos\/","title":{"rendered":"Anuncia Gobierno de Ju\u00e1rez nueva fecha para vacunaci\u00f3n contra Covid 19 de 40 a 49 a\u00f1os"},"content":{"rendered":"<p><span style=\"font-size: 1rem;\"><img loading=\"lazy\" decoding=\"async\" class=\"size-medium wp-image-20492 alignleft\" src=\"https:\/\/laultimapalabra.com.mx\/portal\/wp-content\/uploads\/2021\/07\/IMG-20210630-WA0084-300x300.jpg\" alt=\"\" width=\"300\" height=\"300\" srcset=\"https:\/\/laultimapalabra.com.mx\/portal\/wp-content\/uploads\/2021\/07\/IMG-20210630-WA0084-300x300.jpg 300w, https:\/\/laultimapalabra.com.mx\/portal\/wp-content\/uploads\/2021\/07\/IMG-20210630-WA0084-1024x1024.jpg 1024w, https:\/\/laultimapalabra.com.mx\/portal\/wp-content\/uploads\/2021\/07\/IMG-20210630-WA0084-150x150.jpg 150w, https:\/\/laultimapalabra.com.mx\/portal\/wp-content\/uploads\/2021\/07\/IMG-20210630-WA0084-768x767.jpg 768w, https:\/\/laultimapalabra.com.mx\/portal\/wp-content\/uploads\/2021\/07\/IMG-20210630-WA0084.jpg 1280w\" sizes=\"auto, (max-width: 300px) 100vw, 300px\" \/>Ju\u00e1rez, N.L.- El Gobierno Municipal de Ju\u00e1rez encabezado por el Alcalde Everardo Benavides Villarreal, en coordinaci\u00f3n con la Secretar\u00eda de Bienestar y la Sedena, informan que ya se tienen las nuevas fechas para vacunar a los juarenses de 40 a 49 a\u00f1os.<\/span><\/p>\n<p>Las dosis se estar\u00e1n aplicando del 3 al 5 de Julio del 2021, de las 8:00 hasta las 14:00 horas, los juarenses deber\u00e1n acudir en la fecha correspondiente en base al siguiente horario establecido:<br \/>\nHorarios en base a la primera letra del apellido paterno.<br \/>\n\u2022 S\u00e1bado 3 de Julio \u2013 8:00 am A-B, 11:00 am C-D-E y 14:00 horas F-G-H.<br \/>\n\u2022 Domingo 4 de Julio \u2013 8:00 am I-J-K, 11:00 am L-M y 14:00 horas N-\u00d1-O.<br \/>\n\u2022 Lunes 5 de Julio \u2013 8:00 am P-Q-R, 11:00 am S-T-U y 14:00 horas V-W-X-Y-Z.<br \/>\nLos puntos de vacunaci\u00f3n ser\u00e1n los siguientes:<br \/>\n\u2022 Drive Thru, ubicado en Avenida Eloy Cavazos y cruce con Carretera a San Mateo.<br \/>\n\u2022 Polivalente Villas de Jos\u00e9.<br \/>\n\u2022 Polivalente Monteverde.<br \/>\n\u2022 Polivalente Santa M\u00f3nica.<br \/>\n\u2022 Col. H\u00e9ctor Caballero (al exterior de la primaria Francisco Villa).<br \/>\nDentro de los requisitos para la poblaci\u00f3n juarense es que acudan al centro de vacunaci\u00f3n m\u00e1s cercano respetando el horario establecido, presentando su hoja de registro impresa, INE y comprobante de domicilio.<br \/>\nCabe destacar que por indicaciones del Gobierno Federal, la segunda dosis de la vacuna Sinovac de 50 a 59 a\u00f1os, se estar\u00e1 aplicando en una fecha distinta por lo que se pide paciencia y est\u00e9n atentos a los avisos, en esta ocasi\u00f3n ser\u00e1 exclusivamente de 40 a 49 a\u00f1os con vacunas de la empresa farmac\u00e9utica AstraZeneca.<br \/>\nPara finalizar se les pide que no lleguen con demasiada anticipaci\u00f3n, respetar el orden y que no se precipiten, existe un lote amplio de vacunas para cubrir la demanda de la poblaci\u00f3n.<\/p>\n","protected":false},"excerpt":{"rendered":"<p>Ju\u00e1rez, N.L.- El Gobierno Municipal de Ju\u00e1rez encabezado por el Alcalde Everardo Benavides Villarreal, en coordinaci\u00f3n con la Secretar\u00eda de Bienestar y la Sedena, informan que ya se tienen las nuevas fechas para vacunar a los juarenses de 40 a 49 a\u00f1os. Las dosis se estar\u00e1n aplicando del 3 al 5 de Julio del 2021, [&hellip;]<\/p>\n","protected":false},"author":9,"featured_media":20492,"comment_status":"closed","ping_status":"closed","sticky":false,"template":"","format":"standard","meta":{"footnotes":""},"categories":[18],"tags":[3076,2768],"class_list":["post-20499","post","type-post","status-publish","format-standard","has-post-thumbnail","hentry","category-locales-juarez","tag-fuente-la-ultima-palabra","tag-vacunacion-covid-juarez"],"_links":{"self":[{"href":"https:\/\/laultimapalabra.com.mx\/portal\/wp-json\/wp\/v2\/posts\/20499","targetHints":{"allow":["GET"]}}],"collection":[{"href":"https:\/\/laultimapalabra.com.mx\/portal\/wp-json\/wp\/v2\/posts"}],"about":[{"href":"https:\/\/laultimapalabra.com.mx\/portal\/wp-json\/wp\/v2\/types\/post"}],"author":[{"embeddable":true,"href":"https:\/\/laultimapalabra.com.mx\/portal\/wp-json\/wp\/v2\/users\/9"}],"replies":[{"embeddable":true,"href":"https:\/\/laultimapalabra.com.mx\/portal\/wp-json\/wp\/v2\/comments?post=20499"}],"version-history":[{"count":2,"href":"https:\/\/laultimapalabra.com.mx\/portal\/wp-json\/wp\/v2\/posts\/20499\/revisions"}],"predecessor-version":[{"id":73376,"href":"https:\/\/laultimapalabra.com.mx\/portal\/wp-json\/wp\/v2\/posts\/20499\/revisions\/73376"}],"wp:featuredmedia":[{"embeddable":true,"href":"https:\/\/laultimapalabra.com.mx\/portal\/wp-json\/wp\/v2\/media\/20492"}],"wp:attachment":[{"href":"https:\/\/laultimapalabra.com.mx\/portal\/wp-json\/wp\/v2\/media?parent=20499"}],"wp:term":[{"taxonomy":"category","embeddable":true,"href":"https:\/\/laultimapalabra.com.mx\/portal\/wp-json\/wp\/v2\/categories?post=20499"},{"taxonomy":"post_tag","embeddable":true,"href":"https:\/\/laultimapalabra.com.mx\/portal\/wp-json\/wp\/v2\/tags?post=20499"}],"curies":[{"name":"wp","href":"https:\/\/api.w.org\/{rel}","templated":true}]}}