                       {"id":20540,"date":"2021-07-04T00:12:16","date_gmt":"2021-07-04T06:12:16","guid":{"rendered":"https:\/\/laultimapalabra.com.mx\/portal\/?p=20540"},"modified":"2024-12-11T10:14:59","modified_gmt":"2024-12-11T16:14:59","slug":"acribillan-a-hombre-en-cadereyta","status":"publish","type":"post","link":"https:\/\/laultimapalabra.com.mx\/portal\/acribillan-a-hombre-en-cadereyta\/","title":{"rendered":"Acribillan a hombre en Cadereyta"},"content":{"rendered":"<p><span style=\"font-size: 1rem;\"><img loading=\"lazy\" decoding=\"async\" class=\"size-medium wp-image-20542 alignleft\" src=\"https:\/\/laultimapalabra.com.mx\/portal\/wp-content\/uploads\/2021\/07\/IMG-20210703-WA0004-300x169.jpg\" alt=\"\" width=\"300\" height=\"169\" srcset=\"https:\/\/laultimapalabra.com.mx\/portal\/wp-content\/uploads\/2021\/07\/IMG-20210703-WA0004-300x169.jpg 300w, https:\/\/laultimapalabra.com.mx\/portal\/wp-content\/uploads\/2021\/07\/IMG-20210703-WA0004-1024x576.jpg 1024w, https:\/\/laultimapalabra.com.mx\/portal\/wp-content\/uploads\/2021\/07\/IMG-20210703-WA0004-768x432.jpg 768w, https:\/\/laultimapalabra.com.mx\/portal\/wp-content\/uploads\/2021\/07\/IMG-20210703-WA0004.jpg 1280w\" sizes=\"auto, (max-width: 300px) 100vw, 300px\" \/>Cadereyta Jim\u00e9nez, N.L.- Un hombre fue acribillado a balazos al ser sorprendido por hombres armados que andaban en una camioneta y muri\u00f3 luego de ser trasladado a una cl\u00ednica, en Cadereyta.<\/span><\/p>\n<p>La agresi\u00f3n fue reportada alrededor de las 18:45 horas el pasado viernes en la calle Praderas y Azucena, en los alrededores de la Unidad Deportiva Alfonso Mart\u00ednez, en la Colonia Praderas de Cadereyta.<br \/>\nUna fuente allegada al caso dijo que el ahora occiso fue identificado s\u00f3lo como \u00d3scar Hern\u00e1ndez, de 40 a\u00f1os.<br \/>\nDespu\u00e9s de la agresi\u00f3n a balazos fue auxiliado y con leves signos de vida fue trasladado por sus medios a la Cl\u00ednica Virginia.<br \/>\nLa fuente dijo que al ingresar al \u00e1rea de urgencias del hospital el personal m\u00e9dico les confirm\u00f3 la muerte del hombre.<br \/>\nSeg\u00fan las versiones, hombres armados en una camioneta blanca circulaban por la calle Praderas, quienes despu\u00e9s de ubicar a su objetivo cerca de la banqueta recibi\u00f3 al menos tres disparos y qued\u00f3 tendido en el suelo, donde luego fue auxiliado para ser llevado a la cl\u00ednica donde muri\u00f3.<br \/>\nDe los agresores no se dieron m\u00e1s detalles y fueron buscados en la zona sin \u00e9xito.<\/p>\n<p>&nbsp;<\/p>\n<p>&nbsp;<\/p>\n<p>&nbsp;<\/p>\n","protected":false},"excerpt":{"rendered":"<p>Cadereyta Jim\u00e9nez, N.L.- Un hombre fue acribillado a balazos al ser sorprendido por hombres armados que andaban en una camioneta y muri\u00f3 luego de ser trasladado a una cl\u00ednica, en Cadereyta. La agresi\u00f3n fue reportada alrededor de las 18:45 horas el pasado viernes en la calle Praderas y Azucena, en los alrededores de la Unidad [&hellip;]<\/p>\n","protected":false},"author":9,"featured_media":20541,"comment_status":"closed","ping_status":"closed","sticky":false,"template":"","format":"standard","meta":{"footnotes":""},"categories":[8,9],"tags":[913,3076],"class_list":["post-20540","post","type-post","status-publish","format-standard","has-post-thumbnail","hentry","category-seguridad","category-seguridad-cadereyta","tag-ejecuciones-cadereyta","tag-fuente-la-ultima-palabra"],"_links":{"self":[{"href":"https:\/\/laultimapalabra.com.mx\/portal\/wp-json\/wp\/v2\/posts\/20540","targetHints":{"allow":["GET"]}}],"collection":[{"href":"https:\/\/laultimapalabra.com.mx\/portal\/wp-json\/wp\/v2\/posts"}],"about":[{"href":"https:\/\/laultimapalabra.com.mx\/portal\/wp-json\/wp\/v2\/types\/post"}],"author":[{"embeddable":true,"href":"https:\/\/laultimapalabra.com.mx\/portal\/wp-json\/wp\/v2\/users\/9"}],"replies":[{"embeddable":true,"href":"https:\/\/laultimapalabra.com.mx\/portal\/wp-json\/wp\/v2\/comments?post=20540"}],"version-history":[{"count":2,"href":"https:\/\/laultimapalabra.com.mx\/portal\/wp-json\/wp\/v2\/posts\/20540\/revisions"}],"predecessor-version":[{"id":73398,"href":"https:\/\/laultimapalabra.com.mx\/portal\/wp-json\/wp\/v2\/posts\/20540\/revisions\/73398"}],"wp:featuredmedia":[{"embeddable":true,"href":"https:\/\/laultimapalabra.com.mx\/portal\/wp-json\/wp\/v2\/media\/20541"}],"wp:attachment":[{"href":"https:\/\/laultimapalabra.com.mx\/portal\/wp-json\/wp\/v2\/media?parent=20540"}],"wp:term":[{"taxonomy":"category","embeddable":true,"href":"https:\/\/laultimapalabra.com.mx\/portal\/wp-json\/wp\/v2\/categories?post=20540"},{"taxonomy":"post_tag","embeddable":true,"href":"https:\/\/laultimapalabra.com.mx\/portal\/wp-json\/wp\/v2\/tags?post=20540"}],"curies":[{"name":"wp","href":"https:\/\/api.w.org\/{rel}","templated":true}]}}