                       {"id":20547,"date":"2021-07-04T00:17:23","date_gmt":"2021-07-04T06:17:23","guid":{"rendered":"https:\/\/laultimapalabra.com.mx\/portal\/?p=20547"},"modified":"2024-12-11T10:14:59","modified_gmt":"2024-12-11T16:14:59","slug":"lo-atacan-a-balazos-frente-a-su-casa-en-la-salinas","status":"publish","type":"post","link":"https:\/\/laultimapalabra.com.mx\/portal\/lo-atacan-a-balazos-frente-a-su-casa-en-la-salinas\/","title":{"rendered":"Lo atacan a balazos frente a su casa en la Salinas"},"content":{"rendered":"<p><span style=\"font-size: 1rem;\"><img loading=\"lazy\" decoding=\"async\" class=\"size-full wp-image-20543 alignleft\" src=\"https:\/\/laultimapalabra.com.mx\/portal\/wp-content\/uploads\/2021\/07\/IMG-20210703-WA0009.jpg\" alt=\"\" width=\"284\" height=\"177\" \/>Cadereyta Jimenez, N.L.- Cuando se encontraba afuera de su casa, un hombre fue baleado por otro que viajaba en un autom\u00f3vil esta madrugada, en Cadereyta.<\/span><\/p>\n<p>La v\u00edctima Alejandro Rodr\u00edguez, de 46 a\u00f1os, sufri\u00f3 un impacto de bala en un gl\u00fateo.<br \/>\nEl atentado fue cerca de las 0:30 horas, sobre la calle Francisco A. C\u00e1rdenas, en la Colonia Carlos Salinas de Gortari, donde se inform\u00f3 que el hombre estaba afuera de su casa junto a otras personas.<br \/>\nEl herido fue llevado en un auto particular al Hospital de Pemex, y de ah\u00ed una ambulancia de Protecci\u00f3n Civil lo traslad\u00f3 al Hospital Universitario donde se report\u00f3 como estable.<\/p>\n","protected":false},"excerpt":{"rendered":"<p>Cadereyta Jimenez, N.L.- Cuando se encontraba afuera de su casa, un hombre fue baleado por otro que viajaba en un autom\u00f3vil esta madrugada, en Cadereyta. La v\u00edctima Alejandro Rodr\u00edguez, de 46 a\u00f1os, sufri\u00f3 un impacto de bala en un gl\u00fateo. El atentado fue cerca de las 0:30 horas, sobre la calle Francisco A. C\u00e1rdenas, en [&hellip;]<\/p>\n","protected":false},"author":9,"featured_media":20543,"comment_status":"closed","ping_status":"closed","sticky":false,"template":"","format":"standard","meta":{"footnotes":""},"categories":[8,9],"tags":[213,3076],"class_list":["post-20547","post","type-post","status-publish","format-standard","has-post-thumbnail","hentry","category-seguridad","category-seguridad-cadereyta","tag-atentados-cadereyta","tag-fuente-la-ultima-palabra"],"_links":{"self":[{"href":"https:\/\/laultimapalabra.com.mx\/portal\/wp-json\/wp\/v2\/posts\/20547","targetHints":{"allow":["GET"]}}],"collection":[{"href":"https:\/\/laultimapalabra.com.mx\/portal\/wp-json\/wp\/v2\/posts"}],"about":[{"href":"https:\/\/laultimapalabra.com.mx\/portal\/wp-json\/wp\/v2\/types\/post"}],"author":[{"embeddable":true,"href":"https:\/\/laultimapalabra.com.mx\/portal\/wp-json\/wp\/v2\/users\/9"}],"replies":[{"embeddable":true,"href":"https:\/\/laultimapalabra.com.mx\/portal\/wp-json\/wp\/v2\/comments?post=20547"}],"version-history":[{"count":2,"href":"https:\/\/laultimapalabra.com.mx\/portal\/wp-json\/wp\/v2\/posts\/20547\/revisions"}],"predecessor-version":[{"id":73400,"href":"https:\/\/laultimapalabra.com.mx\/portal\/wp-json\/wp\/v2\/posts\/20547\/revisions\/73400"}],"wp:featuredmedia":[{"embeddable":true,"href":"https:\/\/laultimapalabra.com.mx\/portal\/wp-json\/wp\/v2\/media\/20543"}],"wp:attachment":[{"href":"https:\/\/laultimapalabra.com.mx\/portal\/wp-json\/wp\/v2\/media?parent=20547"}],"wp:term":[{"taxonomy":"category","embeddable":true,"href":"https:\/\/laultimapalabra.com.mx\/portal\/wp-json\/wp\/v2\/categories?post=20547"},{"taxonomy":"post_tag","embeddable":true,"href":"https:\/\/laultimapalabra.com.mx\/portal\/wp-json\/wp\/v2\/tags?post=20547"}],"curies":[{"name":"wp","href":"https:\/\/api.w.org\/{rel}","templated":true}]}}