                       {"id":20576,"date":"2021-07-05T09:24:59","date_gmt":"2021-07-05T15:24:59","guid":{"rendered":"https:\/\/laultimapalabra.com.mx\/portal\/?p=20576"},"modified":"2024-12-11T10:15:00","modified_gmt":"2024-12-11T16:15:00","slug":"se-aplica-alcalde-de-juarez-vacuna-contra-covid-19","status":"publish","type":"post","link":"https:\/\/laultimapalabra.com.mx\/portal\/se-aplica-alcalde-de-juarez-vacuna-contra-covid-19\/","title":{"rendered":"Se aplica Alcalde de Ju\u00e1rez vacuna contra Covid 19"},"content":{"rendered":"<p><span style=\"font-size: 1rem;\"><img loading=\"lazy\" decoding=\"async\" class=\"size-medium wp-image-20577 alignleft\" src=\"https:\/\/laultimapalabra.com.mx\/portal\/wp-content\/uploads\/2021\/07\/IMG-20210705-WA0010-300x200.jpg\" alt=\"\" width=\"300\" height=\"200\" srcset=\"https:\/\/laultimapalabra.com.mx\/portal\/wp-content\/uploads\/2021\/07\/IMG-20210705-WA0010-300x200.jpg 300w, https:\/\/laultimapalabra.com.mx\/portal\/wp-content\/uploads\/2021\/07\/IMG-20210705-WA0010-1024x682.jpg 1024w, https:\/\/laultimapalabra.com.mx\/portal\/wp-content\/uploads\/2021\/07\/IMG-20210705-WA0010-768x512.jpg 768w, https:\/\/laultimapalabra.com.mx\/portal\/wp-content\/uploads\/2021\/07\/IMG-20210705-WA0010-1536x1023.jpg 1536w, https:\/\/laultimapalabra.com.mx\/portal\/wp-content\/uploads\/2021\/07\/IMG-20210705-WA0010.jpg 1600w\" sizes=\"auto, (max-width: 300px) 100vw, 300px\" \/>Ju\u00e1rez, N.L.- Sum\u00e1ndose como un ciudadano m\u00e1s que acude responsablemente a aplicarse la vacuna contra el COVID-19, el Alcalde Everardo Benavides Villarreal, en compa\u00f1\u00eda de su esposa Karla Becker, recibieron la primera dosis de la farmac\u00e9utica AstraZeneca.<\/span><\/p>\n<p>El edil juarense asisti\u00f3 puntualmente al Gimnasio Polivalente de la Colonia Villas de San Jos\u00e9 donde fue recibido por personal quien le tom\u00f3 los datos para su registro y recibir la aplicaci\u00f3n de la vacuna.<br \/>\nAdem\u00e1s, por protocolo tom\u00f3 un reposo por 15 minutos donde aprovech\u00f3 la ocasi\u00f3n para dialogar con algunos juarenses para atender peticiones y saber la opini\u00f3n directamente de como ve\u00edan la manera en que llevaban a cabo la jornada de vacunaci\u00f3n.<br \/>\nPosteriormente el edil juarense se retir\u00f3 para continuar con el recorrido por el resto de los puntos y poder supervisar que todo marchara en orden, que el flujo tanto de veh\u00edculos en el drive thru como de personas fuera eficiente y r\u00e1pido.<\/p>\n","protected":false},"excerpt":{"rendered":"<p>Ju\u00e1rez, N.L.- Sum\u00e1ndose como un ciudadano m\u00e1s que acude responsablemente a aplicarse la vacuna contra el COVID-19, el Alcalde Everardo Benavides Villarreal, en compa\u00f1\u00eda de su esposa Karla Becker, recibieron la primera dosis de la farmac\u00e9utica AstraZeneca. El edil juarense asisti\u00f3 puntualmente al Gimnasio Polivalente de la Colonia Villas de San Jos\u00e9 donde fue recibido [&hellip;]<\/p>\n","protected":false},"author":9,"featured_media":20578,"comment_status":"closed","ping_status":"closed","sticky":false,"template":"","format":"standard","meta":{"footnotes":""},"categories":[18],"tags":[2720,2768],"class_list":["post-20576","post","type-post","status-publish","format-standard","has-post-thumbnail","hentry","category-locales-juarez","tag-everardo-benavides","tag-vacunacion-covid-juarez"],"_links":{"self":[{"href":"https:\/\/laultimapalabra.com.mx\/portal\/wp-json\/wp\/v2\/posts\/20576","targetHints":{"allow":["GET"]}}],"collection":[{"href":"https:\/\/laultimapalabra.com.mx\/portal\/wp-json\/wp\/v2\/posts"}],"about":[{"href":"https:\/\/laultimapalabra.com.mx\/portal\/wp-json\/wp\/v2\/types\/post"}],"author":[{"embeddable":true,"href":"https:\/\/laultimapalabra.com.mx\/portal\/wp-json\/wp\/v2\/users\/9"}],"replies":[{"embeddable":true,"href":"https:\/\/laultimapalabra.com.mx\/portal\/wp-json\/wp\/v2\/comments?post=20576"}],"version-history":[{"count":2,"href":"https:\/\/laultimapalabra.com.mx\/portal\/wp-json\/wp\/v2\/posts\/20576\/revisions"}],"predecessor-version":[{"id":73414,"href":"https:\/\/laultimapalabra.com.mx\/portal\/wp-json\/wp\/v2\/posts\/20576\/revisions\/73414"}],"wp:featuredmedia":[{"embeddable":true,"href":"https:\/\/laultimapalabra.com.mx\/portal\/wp-json\/wp\/v2\/media\/20578"}],"wp:attachment":[{"href":"https:\/\/laultimapalabra.com.mx\/portal\/wp-json\/wp\/v2\/media?parent=20576"}],"wp:term":[{"taxonomy":"category","embeddable":true,"href":"https:\/\/laultimapalabra.com.mx\/portal\/wp-json\/wp\/v2\/categories?post=20576"},{"taxonomy":"post_tag","embeddable":true,"href":"https:\/\/laultimapalabra.com.mx\/portal\/wp-json\/wp\/v2\/tags?post=20576"}],"curies":[{"name":"wp","href":"https:\/\/api.w.org\/{rel}","templated":true}]}}