                       {"id":20581,"date":"2021-07-06T14:07:33","date_gmt":"2021-07-06T20:07:33","guid":{"rendered":"https:\/\/laultimapalabra.com.mx\/portal\/?p=20581"},"modified":"2024-12-11T10:15:00","modified_gmt":"2024-12-11T16:15:00","slug":"aplican-36-mil-774-vacunas-contra-covid-en-juarez","status":"publish","type":"post","link":"https:\/\/laultimapalabra.com.mx\/portal\/aplican-36-mil-774-vacunas-contra-covid-en-juarez\/","title":{"rendered":"Aplican 36 MIL 774 vacunas contra Covid en Ju\u00e1rez"},"content":{"rendered":"<p><span style=\"font-size: 1rem;\"><img loading=\"lazy\" decoding=\"async\" class=\"size-medium wp-image-20583 alignleft\" src=\"https:\/\/laultimapalabra.com.mx\/portal\/wp-content\/uploads\/2021\/07\/IMG-20210706-WA0006-300x200.jpg\" alt=\"\" width=\"300\" height=\"200\" srcset=\"https:\/\/laultimapalabra.com.mx\/portal\/wp-content\/uploads\/2021\/07\/IMG-20210706-WA0006-300x200.jpg 300w, https:\/\/laultimapalabra.com.mx\/portal\/wp-content\/uploads\/2021\/07\/IMG-20210706-WA0006-1024x682.jpg 1024w, https:\/\/laultimapalabra.com.mx\/portal\/wp-content\/uploads\/2021\/07\/IMG-20210706-WA0006-768x512.jpg 768w, https:\/\/laultimapalabra.com.mx\/portal\/wp-content\/uploads\/2021\/07\/IMG-20210706-WA0006-1536x1023.jpg 1536w, https:\/\/laultimapalabra.com.mx\/portal\/wp-content\/uploads\/2021\/07\/IMG-20210706-WA0006.jpg 1600w\" sizes=\"auto, (max-width: 300px) 100vw, 300px\" \/>Ju\u00e1rez, N.L.- El Gobierno Municipal de Ju\u00e1rez, encabezado por el Alcalde Everardo Benavides Villarreal, en coordinaci\u00f3n con la Secretar\u00eda de Bienestar Social, la Sedena y Guardia Nacional, finalizaron la jornada de vacunaci\u00f3n dirigida a los juarenses de 40 a 49 a\u00f1os.<\/span><\/p>\n<p>Para esta ocasi\u00f3n la log\u00edstica se desarroll\u00f3 con \u00e9xito gracias a la planeaci\u00f3n y el triplicar el n\u00famero de personal asignado, teniendo como resultado durante estos tres d\u00edas una aplicaci\u00f3n de 36 mil 774 dosis en los diferentes cinco puntos.<br \/>\nTambi\u00e9n preocupados por la clase trabajadora se realiz\u00f3 una sinergia para acercar a diferentes empresas un m\u00f3dulo de vacunaci\u00f3n para que vacunaran a sus empleados y con esto blindar a la mano de obra juarense.<br \/>\nPor su parte el Presidente Municipal, Everardo Benavides, hace un llamado a la poblaci\u00f3n de Ju\u00e1rez, para que est\u00e9n al pendiente de los avisos en los medios de comunicaci\u00f3n y redes sociales donde se dar\u00e1 aviso de la nueva fecha para la vacunaci\u00f3n de la segunda dosis de 50 a 59 y de la primera aplicaci\u00f3n para personas de 30 a 39 a\u00f1os.<\/p>\n","protected":false},"excerpt":{"rendered":"<p>Ju\u00e1rez, N.L.- El Gobierno Municipal de Ju\u00e1rez, encabezado por el Alcalde Everardo Benavides Villarreal, en coordinaci\u00f3n con la Secretar\u00eda de Bienestar Social, la Sedena y Guardia Nacional, finalizaron la jornada de vacunaci\u00f3n dirigida a los juarenses de 40 a 49 a\u00f1os. Para esta ocasi\u00f3n la log\u00edstica se desarroll\u00f3 con \u00e9xito gracias a la planeaci\u00f3n y [&hellip;]<\/p>\n","protected":false},"author":9,"featured_media":20583,"comment_status":"closed","ping_status":"closed","sticky":false,"template":"","format":"standard","meta":{"footnotes":""},"categories":[18],"tags":[2720,3076,2768],"class_list":["post-20581","post","type-post","status-publish","format-standard","has-post-thumbnail","hentry","category-locales-juarez","tag-everardo-benavides","tag-fuente-la-ultima-palabra","tag-vacunacion-covid-juarez"],"_links":{"self":[{"href":"https:\/\/laultimapalabra.com.mx\/portal\/wp-json\/wp\/v2\/posts\/20581","targetHints":{"allow":["GET"]}}],"collection":[{"href":"https:\/\/laultimapalabra.com.mx\/portal\/wp-json\/wp\/v2\/posts"}],"about":[{"href":"https:\/\/laultimapalabra.com.mx\/portal\/wp-json\/wp\/v2\/types\/post"}],"author":[{"embeddable":true,"href":"https:\/\/laultimapalabra.com.mx\/portal\/wp-json\/wp\/v2\/users\/9"}],"replies":[{"embeddable":true,"href":"https:\/\/laultimapalabra.com.mx\/portal\/wp-json\/wp\/v2\/comments?post=20581"}],"version-history":[{"count":2,"href":"https:\/\/laultimapalabra.com.mx\/portal\/wp-json\/wp\/v2\/posts\/20581\/revisions"}],"predecessor-version":[{"id":73416,"href":"https:\/\/laultimapalabra.com.mx\/portal\/wp-json\/wp\/v2\/posts\/20581\/revisions\/73416"}],"wp:featuredmedia":[{"embeddable":true,"href":"https:\/\/laultimapalabra.com.mx\/portal\/wp-json\/wp\/v2\/media\/20583"}],"wp:attachment":[{"href":"https:\/\/laultimapalabra.com.mx\/portal\/wp-json\/wp\/v2\/media?parent=20581"}],"wp:term":[{"taxonomy":"category","embeddable":true,"href":"https:\/\/laultimapalabra.com.mx\/portal\/wp-json\/wp\/v2\/categories?post=20581"},{"taxonomy":"post_tag","embeddable":true,"href":"https:\/\/laultimapalabra.com.mx\/portal\/wp-json\/wp\/v2\/tags?post=20581"}],"curies":[{"name":"wp","href":"https:\/\/api.w.org\/{rel}","templated":true}]}}