                       {"id":20684,"date":"2021-07-09T11:25:33","date_gmt":"2021-07-09T17:25:33","guid":{"rendered":"https:\/\/laultimapalabra.com.mx\/portal\/?p=20684"},"modified":"2024-12-11T10:15:02","modified_gmt":"2024-12-11T16:15:02","slug":"roban-autopartes-a-7-vehiculos-en-estacionamiento-de-plaza-comercial-en-cadereyta","status":"publish","type":"post","link":"https:\/\/laultimapalabra.com.mx\/portal\/roban-autopartes-a-7-vehiculos-en-estacionamiento-de-plaza-comercial-en-cadereyta\/","title":{"rendered":"Roban autopartes a 7 veh\u00edculos en estacionamiento de plaza comercial en Cadereyta"},"content":{"rendered":"<p><span style=\"font-size: 1rem;\"><img loading=\"lazy\" decoding=\"async\" class=\"size-medium wp-image-20687 alignleft\" src=\"https:\/\/laultimapalabra.com.mx\/portal\/wp-content\/uploads\/2021\/07\/robanautopartesencadereyta-focus-0-0-940-615-1-300x196.jpg\" alt=\"\" width=\"300\" height=\"196\" srcset=\"https:\/\/laultimapalabra.com.mx\/portal\/wp-content\/uploads\/2021\/07\/robanautopartesencadereyta-focus-0-0-940-615-1-300x196.jpg 300w, https:\/\/laultimapalabra.com.mx\/portal\/wp-content\/uploads\/2021\/07\/robanautopartesencadereyta-focus-0-0-940-615-1-768x502.jpg 768w, https:\/\/laultimapalabra.com.mx\/portal\/wp-content\/uploads\/2021\/07\/robanautopartesencadereyta-focus-0-0-940-615-1.jpg 940w\" sizes=\"auto, (max-width: 300px) 100vw, 300px\" \/>CADEREYTA JIM\u00c9NEZ.- Cerca de 7 automovilistas fueron v\u00edctimas de robo en una plaza comercial de Cadereyta.\u00a0<\/span><\/p>\n<p>Los propietarios de los veh\u00edculos se percataron que sus autos se encontraban abiertos cuando salieron de un cine cerca de las 12:07 de la madrugada del d\u00eda de hoy viernes.<\/p>\n<p>Tras disfrutar una pel\u00edcula los afectados se llevaron la sorpresa de que hab\u00edan sido v\u00edctimas de robo.<\/p>\n<p>El hecho se registr\u00f3 en el estacionamiento de la mencionada plaza ubicada sobre la avenida Josefa Ort\u00edz de Dom\u00ednguez.<\/p>\n<p>Los ladrones se llevaron est\u00e9reos, bocinas, amplificadores, bajos, bater\u00edas y varias cosas de valor dentro de los 7 autom\u00f3viles.<\/p>\n<p>Al lugar arribaron elementos de la Polic\u00eda de Cadereyta Jim\u00e9nez para levantar el parte de los sucesos.<\/p>\n<p>Algunos de los afectados optaron por dejar su autom\u00f3vil pues por la hora no encontraron disponible el servicio de gr\u00faa.<\/p>\n<p>Fuente: ABC Noticias<\/p>\n","protected":false},"excerpt":{"rendered":"<p>CADEREYTA JIM\u00c9NEZ.- Cerca de 7 automovilistas fueron v\u00edctimas de robo en una plaza comercial de Cadereyta.\u00a0 Los propietarios de los veh\u00edculos se percataron que sus autos se encontraban abiertos cuando salieron de un cine cerca de las 12:07 de la madrugada del d\u00eda de hoy viernes. Tras disfrutar una pel\u00edcula los afectados se llevaron la [&hellip;]<\/p>\n","protected":false},"author":9,"featured_media":20687,"comment_status":"closed","ping_status":"closed","sticky":false,"template":"","format":"standard","meta":{"footnotes":""},"categories":[17],"tags":[3192,2040],"class_list":["post-20684","post","type-post","status-publish","format-standard","has-post-thumbnail","hentry","category-locales-cadereyta","tag-fuente-abc-noticias","tag-robos-en-cadereyta"],"_links":{"self":[{"href":"https:\/\/laultimapalabra.com.mx\/portal\/wp-json\/wp\/v2\/posts\/20684","targetHints":{"allow":["GET"]}}],"collection":[{"href":"https:\/\/laultimapalabra.com.mx\/portal\/wp-json\/wp\/v2\/posts"}],"about":[{"href":"https:\/\/laultimapalabra.com.mx\/portal\/wp-json\/wp\/v2\/types\/post"}],"author":[{"embeddable":true,"href":"https:\/\/laultimapalabra.com.mx\/portal\/wp-json\/wp\/v2\/users\/9"}],"replies":[{"embeddable":true,"href":"https:\/\/laultimapalabra.com.mx\/portal\/wp-json\/wp\/v2\/comments?post=20684"}],"version-history":[{"count":2,"href":"https:\/\/laultimapalabra.com.mx\/portal\/wp-json\/wp\/v2\/posts\/20684\/revisions"}],"predecessor-version":[{"id":73462,"href":"https:\/\/laultimapalabra.com.mx\/portal\/wp-json\/wp\/v2\/posts\/20684\/revisions\/73462"}],"wp:featuredmedia":[{"embeddable":true,"href":"https:\/\/laultimapalabra.com.mx\/portal\/wp-json\/wp\/v2\/media\/20687"}],"wp:attachment":[{"href":"https:\/\/laultimapalabra.com.mx\/portal\/wp-json\/wp\/v2\/media?parent=20684"}],"wp:term":[{"taxonomy":"category","embeddable":true,"href":"https:\/\/laultimapalabra.com.mx\/portal\/wp-json\/wp\/v2\/categories?post=20684"},{"taxonomy":"post_tag","embeddable":true,"href":"https:\/\/laultimapalabra.com.mx\/portal\/wp-json\/wp\/v2\/tags?post=20684"}],"curies":[{"name":"wp","href":"https:\/\/api.w.org\/{rel}","templated":true}]}}