                       {"id":20779,"date":"2021-07-15T13:52:10","date_gmt":"2021-07-15T19:52:10","guid":{"rendered":"https:\/\/laultimapalabra.com.mx\/portal\/?p=20779"},"modified":"2024-12-11T10:15:04","modified_gmt":"2024-12-11T16:15:04","slug":"ejecutan-a-hombre-en-ejido-soledad-herreras","status":"publish","type":"post","link":"https:\/\/laultimapalabra.com.mx\/portal\/ejecutan-a-hombre-en-ejido-soledad-herreras\/","title":{"rendered":"Ejecutan a hombre en ejido Soledad Herreras."},"content":{"rendered":"<p><span style=\"font-size: 1rem;\"><img loading=\"lazy\" decoding=\"async\" class=\"size-medium wp-image-20781 alignleft\" src=\"https:\/\/laultimapalabra.com.mx\/portal\/wp-content\/uploads\/2021\/07\/IMG-20210714-WA0088-300x225.jpg\" alt=\"\" width=\"300\" height=\"225\" srcset=\"https:\/\/laultimapalabra.com.mx\/portal\/wp-content\/uploads\/2021\/07\/IMG-20210714-WA0088-300x225.jpg 300w, https:\/\/laultimapalabra.com.mx\/portal\/wp-content\/uploads\/2021\/07\/IMG-20210714-WA0088-1024x768.jpg 1024w, https:\/\/laultimapalabra.com.mx\/portal\/wp-content\/uploads\/2021\/07\/IMG-20210714-WA0088-768x576.jpg 768w, https:\/\/laultimapalabra.com.mx\/portal\/wp-content\/uploads\/2021\/07\/IMG-20210714-WA0088.jpg 1040w\" sizes=\"auto, (max-width: 300px) 100vw, 300px\" \/>Cadereyta Jimenez, N.L.- La tarde de ayer se registr\u00f3 otra ejecuci\u00f3n m\u00e1s en el municipio de Cadereyta, exactamente sobre el puente que conecta con el ejido Soledad Herreras d\u00f3nde se localizo una camioneta Ford en color azul con varios impactos de arma de fuego.<\/span><\/p>\n<p>De la persona sin vida en dicho veh\u00edculo, trascendi\u00f3 era un hombre de 1.70mts aproximadamente, y quien vest\u00eda playera azul y pantal\u00f2n de mezclilla color verde; de pelo ondulado y tenis negros con aproximadamente 35 a\u00f1os de edad.<\/p>\n<p>De la persona sin vida en dicho veh\u00edculo, trascendi\u00f3 era un hombre de 1.70mts aproximadamente, y quien vest\u00eda playera azul y pantal\u00f2n de mezclilla color verde; de pelo ondulado y tenis negros con aproximadamente 35 a\u00f1os de edad, le realizaron al menos 15 disparos a la camioneta de los cuales, \u00e9l recibi\u00f3 9 balazos y ten\u00eda por nombre Reginaldo Silva Camacho.<\/p>\n<p>Fuente: La \u00daltima Palabra<\/p>\n","protected":false},"excerpt":{"rendered":"<p>Cadereyta Jimenez, N.L.- La tarde de ayer se registr\u00f3 otra ejecuci\u00f3n m\u00e1s en el municipio de Cadereyta, exactamente sobre el puente que conecta con el ejido Soledad Herreras d\u00f3nde se localizo una camioneta Ford en color azul con varios impactos de arma de fuego. De la persona sin vida en dicho veh\u00edculo, trascendi\u00f3 era un [&hellip;]<\/p>\n","protected":false},"author":9,"featured_media":20780,"comment_status":"closed","ping_status":"closed","sticky":false,"template":"","format":"standard","meta":{"footnotes":""},"categories":[8,9],"tags":[926,3076],"class_list":["post-20779","post","type-post","status-publish","format-standard","has-post-thumbnail","hentry","category-seguridad","category-seguridad-cadereyta","tag-ejecutados-cadereyta","tag-fuente-la-ultima-palabra"],"_links":{"self":[{"href":"https:\/\/laultimapalabra.com.mx\/portal\/wp-json\/wp\/v2\/posts\/20779","targetHints":{"allow":["GET"]}}],"collection":[{"href":"https:\/\/laultimapalabra.com.mx\/portal\/wp-json\/wp\/v2\/posts"}],"about":[{"href":"https:\/\/laultimapalabra.com.mx\/portal\/wp-json\/wp\/v2\/types\/post"}],"author":[{"embeddable":true,"href":"https:\/\/laultimapalabra.com.mx\/portal\/wp-json\/wp\/v2\/users\/9"}],"replies":[{"embeddable":true,"href":"https:\/\/laultimapalabra.com.mx\/portal\/wp-json\/wp\/v2\/comments?post=20779"}],"version-history":[{"count":3,"href":"https:\/\/laultimapalabra.com.mx\/portal\/wp-json\/wp\/v2\/posts\/20779\/revisions"}],"predecessor-version":[{"id":73496,"href":"https:\/\/laultimapalabra.com.mx\/portal\/wp-json\/wp\/v2\/posts\/20779\/revisions\/73496"}],"wp:featuredmedia":[{"embeddable":true,"href":"https:\/\/laultimapalabra.com.mx\/portal\/wp-json\/wp\/v2\/media\/20780"}],"wp:attachment":[{"href":"https:\/\/laultimapalabra.com.mx\/portal\/wp-json\/wp\/v2\/media?parent=20779"}],"wp:term":[{"taxonomy":"category","embeddable":true,"href":"https:\/\/laultimapalabra.com.mx\/portal\/wp-json\/wp\/v2\/categories?post=20779"},{"taxonomy":"post_tag","embeddable":true,"href":"https:\/\/laultimapalabra.com.mx\/portal\/wp-json\/wp\/v2\/tags?post=20779"}],"curies":[{"name":"wp","href":"https:\/\/api.w.org\/{rel}","templated":true}]}}