                       {"id":20793,"date":"2021-07-15T14:02:21","date_gmt":"2021-07-15T20:02:21","guid":{"rendered":"https:\/\/laultimapalabra.com.mx\/portal\/?p=20793"},"modified":"2024-12-11T10:15:04","modified_gmt":"2024-12-11T16:15:04","slug":"pierde-mujer-el-control-y-se-estrella-contra-postes","status":"publish","type":"post","link":"https:\/\/laultimapalabra.com.mx\/portal\/pierde-mujer-el-control-y-se-estrella-contra-postes\/","title":{"rendered":"Pierde mujer el control y se estrella contra postes"},"content":{"rendered":"<p><span style=\"font-size: 1rem;\"><img loading=\"lazy\" decoding=\"async\" class=\"size-medium wp-image-20783 alignleft\" src=\"https:\/\/laultimapalabra.com.mx\/portal\/wp-content\/uploads\/2021\/07\/IMG-20210714-WA0096-300x225.jpg\" alt=\"\" width=\"300\" height=\"225\" srcset=\"https:\/\/laultimapalabra.com.mx\/portal\/wp-content\/uploads\/2021\/07\/IMG-20210714-WA0096-300x225.jpg 300w, https:\/\/laultimapalabra.com.mx\/portal\/wp-content\/uploads\/2021\/07\/IMG-20210714-WA0096-1024x768.jpg 1024w, https:\/\/laultimapalabra.com.mx\/portal\/wp-content\/uploads\/2021\/07\/IMG-20210714-WA0096-768x576.jpg 768w, https:\/\/laultimapalabra.com.mx\/portal\/wp-content\/uploads\/2021\/07\/IMG-20210714-WA0096.jpg 1040w\" sizes=\"auto, (max-width: 300px) 100vw, 300px\" \/>Cadereyta Jim\u00e9nez, N.L.-<\/span><\/p>\n<p>Una mujer que viajaba con sus hijos al conducir por la avenida Escoberos de la colonia Alberos en Cadereyta, perdi\u00f3 el control de su veh\u00edculo y termin\u00f3 por estrellarse contra 2 postes, uno de CFE y otro de tel\u00e9fonos quedando el veh\u00edculo en p\u00e9rdida total entre las calles \u00c9bano y Encino de la mencionada colonia.<\/p>\n<p>El siniestro dej\u00f3 como saldo un menor con lesiones leves y otra menor quien asi como la mam\u00e1 con crisis nerviosa debido a lo aparatoso del accidente.<\/p>\n<p>Al lugar acudieron elementos de Servicios de Emergencia Cadereyta quienes trasladaron a los menores para su valoraci\u00f3n m\u00e9dica.<\/p>\n<p>En el lugar permaneci\u00f3 Tr\u00e1nsito Municipal para abanderar y empezar las investigaciones para deslindar responsabilidades.<\/p>\n<p>Fuente: La \u00daltima Palabra<\/p>\n","protected":false},"excerpt":{"rendered":"<p>Cadereyta Jim\u00e9nez, N.L.- Una mujer que viajaba con sus hijos al conducir por la avenida Escoberos de la colonia Alberos en Cadereyta, perdi\u00f3 el control de su veh\u00edculo y termin\u00f3 por estrellarse contra 2 postes, uno de CFE y otro de tel\u00e9fonos quedando el veh\u00edculo en p\u00e9rdida total entre las calles \u00c9bano y Encino de [&hellip;]<\/p>\n","protected":false},"author":9,"featured_media":20782,"comment_status":"closed","ping_status":"closed","sticky":false,"template":"","format":"standard","meta":{"footnotes":""},"categories":[8,9],"tags":[551,3076],"class_list":["post-20793","post","type-post","status-publish","format-standard","has-post-thumbnail","hentry","category-seguridad","category-seguridad-cadereyta","tag-choques-cadereyta","tag-fuente-la-ultima-palabra"],"_links":{"self":[{"href":"https:\/\/laultimapalabra.com.mx\/portal\/wp-json\/wp\/v2\/posts\/20793","targetHints":{"allow":["GET"]}}],"collection":[{"href":"https:\/\/laultimapalabra.com.mx\/portal\/wp-json\/wp\/v2\/posts"}],"about":[{"href":"https:\/\/laultimapalabra.com.mx\/portal\/wp-json\/wp\/v2\/types\/post"}],"author":[{"embeddable":true,"href":"https:\/\/laultimapalabra.com.mx\/portal\/wp-json\/wp\/v2\/users\/9"}],"replies":[{"embeddable":true,"href":"https:\/\/laultimapalabra.com.mx\/portal\/wp-json\/wp\/v2\/comments?post=20793"}],"version-history":[{"count":2,"href":"https:\/\/laultimapalabra.com.mx\/portal\/wp-json\/wp\/v2\/posts\/20793\/revisions"}],"predecessor-version":[{"id":73498,"href":"https:\/\/laultimapalabra.com.mx\/portal\/wp-json\/wp\/v2\/posts\/20793\/revisions\/73498"}],"wp:featuredmedia":[{"embeddable":true,"href":"https:\/\/laultimapalabra.com.mx\/portal\/wp-json\/wp\/v2\/media\/20782"}],"wp:attachment":[{"href":"https:\/\/laultimapalabra.com.mx\/portal\/wp-json\/wp\/v2\/media?parent=20793"}],"wp:term":[{"taxonomy":"category","embeddable":true,"href":"https:\/\/laultimapalabra.com.mx\/portal\/wp-json\/wp\/v2\/categories?post=20793"},{"taxonomy":"post_tag","embeddable":true,"href":"https:\/\/laultimapalabra.com.mx\/portal\/wp-json\/wp\/v2\/tags?post=20793"}],"curies":[{"name":"wp","href":"https:\/\/api.w.org\/{rel}","templated":true}]}}