                       {"id":20813,"date":"2021-07-19T12:58:06","date_gmt":"2021-07-19T18:58:06","guid":{"rendered":"https:\/\/laultimapalabra.com.mx\/portal\/?p=20813"},"modified":"2024-12-11T10:15:04","modified_gmt":"2024-12-11T16:15:04","slug":"deja-explosion-e-incendio-de-tanques-de-diesel-un-lesionado-en-cadereyta","status":"publish","type":"post","link":"https:\/\/laultimapalabra.com.mx\/portal\/deja-explosion-e-incendio-de-tanques-de-diesel-un-lesionado-en-cadereyta\/","title":{"rendered":"Deja explosi\u00f3n e incendio de tanques de di\u00e9sel un lesionado en Cadereyta"},"content":{"rendered":"<p><span style=\"font-size: 1rem;\"><img loading=\"lazy\" decoding=\"async\" class=\"size-medium wp-image-20814 alignleft\" src=\"https:\/\/laultimapalabra.com.mx\/portal\/wp-content\/uploads\/2021\/07\/IMG-20210716-WA0111-300x225.jpg\" alt=\"\" width=\"300\" height=\"225\" srcset=\"https:\/\/laultimapalabra.com.mx\/portal\/wp-content\/uploads\/2021\/07\/IMG-20210716-WA0111-300x225.jpg 300w, https:\/\/laultimapalabra.com.mx\/portal\/wp-content\/uploads\/2021\/07\/IMG-20210716-WA0111-1024x768.jpg 1024w, https:\/\/laultimapalabra.com.mx\/portal\/wp-content\/uploads\/2021\/07\/IMG-20210716-WA0111-768x576.jpg 768w, https:\/\/laultimapalabra.com.mx\/portal\/wp-content\/uploads\/2021\/07\/IMG-20210716-WA0111-1536x1152.jpg 1536w, https:\/\/laultimapalabra.com.mx\/portal\/wp-content\/uploads\/2021\/07\/IMG-20210716-WA0111.jpg 1600w\" sizes=\"auto, (max-width: 300px) 100vw, 300px\" \/>Cadereyta Jimenez, N<\/span><\/p>\n<p>L.- Un hombre result\u00f3 con heridas leves despu\u00e9s de que<br \/>\nalrededor de las 6 de la tarde del pasado viernes se registrara una explosi\u00f3n en un tanque que cargaba diesel, del cual posteriormente se descarg\u00f3 un fuerte incendio que consumi\u00f3 un segundo remolque y contenedores.<br \/>\nEl siniestro que dur\u00f3 varias horas para poder sofocarlo ocurri\u00f3 en la Autopista Monterrey-Reynosa km 32 del Ejido Cadereyta a unos 400 mts de la caseta de cobro.<br \/>\nAl lugar acudieron param\u00e9dicos para atender al lesionado que por fortuna fue s\u00f3lo uno y con heridas leves. Tambi\u00e9n llegaron elementos de Proteccion Civil y Bomberos de Cadereyta pero debido a la magnitud del mismo tuvieron que pedir apoyo al Estado, llegando minutos m\u00e1s tarde Protecci\u00f3n Civil de Nuevo Le\u00f3n y Bomberos as\u00ed como Bomberos del vecino municipio de Ju\u00e1rez.<br \/>\nSin embargo debido a que este combustible debe de ser atacado con qu\u00edmicos especiales a las 9: 30 de la noche se inform\u00f3 que el incendio se reaviv\u00f3 d\u00e1ndole aun m\u00e1s trabajo a los elementos quienes hicieron una ardua labor para controlar el incendio, terminando labores de enfriamiento en tanques y contenedores de di\u00e9sel y gasolinas sin riesgos a la poblaci\u00f3n alrededor de las 2:00 de la madrugada del s\u00e1bado con apoyo tambi\u00e9n de Bomberos Guadalupe,<br \/>\nB\u00fasqueda y Rescate<br \/>\nBomberos de la Refiner\u00eda PEMEX Cadereyta,<br \/>\nBomberos Energ\u00e9ticos y<br \/>\nBomberos Reynera<\/p>\n<p>Fuente: La \u00daltima Palabra<\/p>\n","protected":false},"excerpt":{"rendered":"<p>Cadereyta Jimenez, N L.- Un hombre result\u00f3 con heridas leves despu\u00e9s de que alrededor de las 6 de la tarde del pasado viernes se registrara una explosi\u00f3n en un tanque que cargaba diesel, del cual posteriormente se descarg\u00f3 un fuerte incendio que consumi\u00f3 un segundo remolque y contenedores. El siniestro que dur\u00f3 varias horas para [&hellip;]<\/p>\n","protected":false},"author":9,"featured_media":20815,"comment_status":"closed","ping_status":"closed","sticky":false,"template":"","format":"standard","meta":{"footnotes":""},"categories":[17],"tags":[3076,1172,1260,2710],"class_list":["post-20813","post","type-post","status-publish","format-standard","has-post-thumbnail","hentry","category-locales-cadereyta","tag-fuente-la-ultima-palabra","tag-guillermo-de-leon-delgado","tag-incendios-cadereyta","tag-servicios-de-emergencia-cadereyta"],"_links":{"self":[{"href":"https:\/\/laultimapalabra.com.mx\/portal\/wp-json\/wp\/v2\/posts\/20813","targetHints":{"allow":["GET"]}}],"collection":[{"href":"https:\/\/laultimapalabra.com.mx\/portal\/wp-json\/wp\/v2\/posts"}],"about":[{"href":"https:\/\/laultimapalabra.com.mx\/portal\/wp-json\/wp\/v2\/types\/post"}],"author":[{"embeddable":true,"href":"https:\/\/laultimapalabra.com.mx\/portal\/wp-json\/wp\/v2\/users\/9"}],"replies":[{"embeddable":true,"href":"https:\/\/laultimapalabra.com.mx\/portal\/wp-json\/wp\/v2\/comments?post=20813"}],"version-history":[{"count":2,"href":"https:\/\/laultimapalabra.com.mx\/portal\/wp-json\/wp\/v2\/posts\/20813\/revisions"}],"predecessor-version":[{"id":73512,"href":"https:\/\/laultimapalabra.com.mx\/portal\/wp-json\/wp\/v2\/posts\/20813\/revisions\/73512"}],"wp:featuredmedia":[{"embeddable":true,"href":"https:\/\/laultimapalabra.com.mx\/portal\/wp-json\/wp\/v2\/media\/20815"}],"wp:attachment":[{"href":"https:\/\/laultimapalabra.com.mx\/portal\/wp-json\/wp\/v2\/media?parent=20813"}],"wp:term":[{"taxonomy":"category","embeddable":true,"href":"https:\/\/laultimapalabra.com.mx\/portal\/wp-json\/wp\/v2\/categories?post=20813"},{"taxonomy":"post_tag","embeddable":true,"href":"https:\/\/laultimapalabra.com.mx\/portal\/wp-json\/wp\/v2\/tags?post=20813"}],"curies":[{"name":"wp","href":"https:\/\/api.w.org\/{rel}","templated":true}]}}