                       {"id":20839,"date":"2021-07-19T13:22:20","date_gmt":"2021-07-19T19:22:20","guid":{"rendered":"https:\/\/laultimapalabra.com.mx\/portal\/?p=20839"},"modified":"2024-12-11T10:15:04","modified_gmt":"2024-12-11T16:15:04","slug":"se-registra-choque-en-zona-centro-de-cadereyta","status":"publish","type":"post","link":"https:\/\/laultimapalabra.com.mx\/portal\/se-registra-choque-en-zona-centro-de-cadereyta\/","title":{"rendered":"Se registra choque en zona centro de Cadereyta"},"content":{"rendered":"<p><span style=\"font-size: 1rem;\"><img loading=\"lazy\" decoding=\"async\" class=\"size-medium wp-image-20818 alignleft\" src=\"https:\/\/laultimapalabra.com.mx\/portal\/wp-content\/uploads\/2021\/07\/IMG-20210717-WA0089-300x225.jpg\" alt=\"\" width=\"300\" height=\"225\" srcset=\"https:\/\/laultimapalabra.com.mx\/portal\/wp-content\/uploads\/2021\/07\/IMG-20210717-WA0089-300x225.jpg 300w, https:\/\/laultimapalabra.com.mx\/portal\/wp-content\/uploads\/2021\/07\/IMG-20210717-WA0089-1024x768.jpg 1024w, https:\/\/laultimapalabra.com.mx\/portal\/wp-content\/uploads\/2021\/07\/IMG-20210717-WA0089-768x576.jpg 768w, https:\/\/laultimapalabra.com.mx\/portal\/wp-content\/uploads\/2021\/07\/IMG-20210717-WA0089-1536x1152.jpg 1536w, https:\/\/laultimapalabra.com.mx\/portal\/wp-content\/uploads\/2021\/07\/IMG-20210717-WA0089.jpg 1600w\" sizes=\"auto, (max-width: 300px) 100vw, 300px\" \/>Cadereyta Jim\u00e9nez, N.L.- Alrededor de las 8:20 de la noche del pasado s\u00e1bado se dio un choque de crucero en el que particip\u00f3 un veh\u00edculo vento volskwagen y un hyundai.<\/span><\/p>\n<p>El conductor del veh\u00edculo vento Javier Cant\u00fa circulaba por la calle Zaragoza cuando presuntamente el conductor del otro veh\u00edculo, Alejandro Ya\u00f1ez, presuntamente no hizo alto y termin\u00f3 por impactarlo a un costado por la parte de atras dando un giro de 180\u00b0.<br \/>\nEn dicho veh\u00edculo viajaba una familia con dos menores por lo que de inmediato se dio aviso a los Servicios de Emergencia Cadereyta quienes revisaron a los menores, quienes solo pasaron por el susto afortunadamente.<br \/>\nAl lugar acudi\u00f3 Tr\u00e1nsito Municipal para abanderar el lugar donde no se vi\u00f3 entorpecida la vialidad y empez\u00f3 la investigaci\u00f3n para deslindar responsabilidades.<\/p>\n<p>Fuente: La \u00daltima Palabra<\/p>\n","protected":false},"excerpt":{"rendered":"<p>Cadereyta Jim\u00e9nez, N.L.- Alrededor de las 8:20 de la noche del pasado s\u00e1bado se dio un choque de crucero en el que particip\u00f3 un veh\u00edculo vento volskwagen y un hyundai. El conductor del veh\u00edculo vento Javier Cant\u00fa circulaba por la calle Zaragoza cuando presuntamente el conductor del otro veh\u00edculo, Alejandro Ya\u00f1ez, presuntamente no hizo alto [&hellip;]<\/p>\n","protected":false},"author":9,"featured_media":20819,"comment_status":"closed","ping_status":"closed","sticky":false,"template":"","format":"standard","meta":{"footnotes":""},"categories":[8,9],"tags":[551,3076],"class_list":["post-20839","post","type-post","status-publish","format-standard","has-post-thumbnail","hentry","category-seguridad","category-seguridad-cadereyta","tag-choques-cadereyta","tag-fuente-la-ultima-palabra"],"_links":{"self":[{"href":"https:\/\/laultimapalabra.com.mx\/portal\/wp-json\/wp\/v2\/posts\/20839","targetHints":{"allow":["GET"]}}],"collection":[{"href":"https:\/\/laultimapalabra.com.mx\/portal\/wp-json\/wp\/v2\/posts"}],"about":[{"href":"https:\/\/laultimapalabra.com.mx\/portal\/wp-json\/wp\/v2\/types\/post"}],"author":[{"embeddable":true,"href":"https:\/\/laultimapalabra.com.mx\/portal\/wp-json\/wp\/v2\/users\/9"}],"replies":[{"embeddable":true,"href":"https:\/\/laultimapalabra.com.mx\/portal\/wp-json\/wp\/v2\/comments?post=20839"}],"version-history":[{"count":2,"href":"https:\/\/laultimapalabra.com.mx\/portal\/wp-json\/wp\/v2\/posts\/20839\/revisions"}],"predecessor-version":[{"id":73516,"href":"https:\/\/laultimapalabra.com.mx\/portal\/wp-json\/wp\/v2\/posts\/20839\/revisions\/73516"}],"wp:featuredmedia":[{"embeddable":true,"href":"https:\/\/laultimapalabra.com.mx\/portal\/wp-json\/wp\/v2\/media\/20819"}],"wp:attachment":[{"href":"https:\/\/laultimapalabra.com.mx\/portal\/wp-json\/wp\/v2\/media?parent=20839"}],"wp:term":[{"taxonomy":"category","embeddable":true,"href":"https:\/\/laultimapalabra.com.mx\/portal\/wp-json\/wp\/v2\/categories?post=20839"},{"taxonomy":"post_tag","embeddable":true,"href":"https:\/\/laultimapalabra.com.mx\/portal\/wp-json\/wp\/v2\/tags?post=20839"}],"curies":[{"name":"wp","href":"https:\/\/api.w.org\/{rel}","templated":true}]}}