                       {"id":20841,"date":"2021-07-19T13:35:43","date_gmt":"2021-07-19T19:35:43","guid":{"rendered":"https:\/\/laultimapalabra.com.mx\/portal\/?p=20841"},"modified":"2024-12-11T10:15:04","modified_gmt":"2024-12-11T16:15:04","slug":"choca-y-abandona-vehiculo-en-cadereyta","status":"publish","type":"post","link":"https:\/\/laultimapalabra.com.mx\/portal\/choca-y-abandona-vehiculo-en-cadereyta\/","title":{"rendered":"Choca y abandona veh\u00edculo en Cadereyta"},"content":{"rendered":"<p><span style=\"font-size: 1rem;\"><img loading=\"lazy\" decoding=\"async\" class=\"size-medium wp-image-20823 alignleft\" src=\"https:\/\/laultimapalabra.com.mx\/portal\/wp-content\/uploads\/2021\/07\/IMG-20210717-WA0092-300x225.jpg\" alt=\"\" width=\"300\" height=\"225\" srcset=\"https:\/\/laultimapalabra.com.mx\/portal\/wp-content\/uploads\/2021\/07\/IMG-20210717-WA0092-300x225.jpg 300w, https:\/\/laultimapalabra.com.mx\/portal\/wp-content\/uploads\/2021\/07\/IMG-20210717-WA0092-1024x768.jpg 1024w, https:\/\/laultimapalabra.com.mx\/portal\/wp-content\/uploads\/2021\/07\/IMG-20210717-WA0092-768x576.jpg 768w, https:\/\/laultimapalabra.com.mx\/portal\/wp-content\/uploads\/2021\/07\/IMG-20210717-WA0092.jpg 1040w\" sizes=\"auto, (max-width: 300px) 100vw, 300px\" \/>Cadereyta Jim\u00e9nez, N.L.- Fue alrededor de las 21:00 horas del s\u00e1bado cuando se dio un reporte de un accidente vial sobre el boulevard Ju\u00e1rez a la altura de la colonia Padilla, donde al llegar al lugar elementos de Tr\u00e1nsito Municipal se percataron del percance, pero el veh\u00edculo estaba abandonado.<\/span><\/p>\n<p>Hasta el momento se desconoce en que condiciones estar\u00eda el conductor o s\u00ed result\u00f3 herido por lo aparatoso del accidente pero se di\u00f3 a la fuga.<br \/>\nEl veh\u00edculo es un tipo Corolla de la marca Toyota con placas SJH-79-99, datos con lo que se trat\u00f3 de dar con el paradero del conductor sin \u00e9xito alguno.<br \/>\nPosteriormente, Tr\u00e1nsito llam\u00f3 al servicio de gr\u00faa para retirar el veh\u00edculo de la arteria vial.<\/p>\n<p>Fuente: La \u00daltima Palabra<\/p>\n","protected":false},"excerpt":{"rendered":"<p>Cadereyta Jim\u00e9nez, N.L.- Fue alrededor de las 21:00 horas del s\u00e1bado cuando se dio un reporte de un accidente vial sobre el boulevard Ju\u00e1rez a la altura de la colonia Padilla, donde al llegar al lugar elementos de Tr\u00e1nsito Municipal se percataron del percance, pero el veh\u00edculo estaba abandonado. Hasta el momento se desconoce en [&hellip;]<\/p>\n","protected":false},"author":9,"featured_media":20822,"comment_status":"closed","ping_status":"closed","sticky":false,"template":"","format":"standard","meta":{"footnotes":""},"categories":[8,9],"tags":[551,3076],"class_list":["post-20841","post","type-post","status-publish","format-standard","has-post-thumbnail","hentry","category-seguridad","category-seguridad-cadereyta","tag-choques-cadereyta","tag-fuente-la-ultima-palabra"],"_links":{"self":[{"href":"https:\/\/laultimapalabra.com.mx\/portal\/wp-json\/wp\/v2\/posts\/20841","targetHints":{"allow":["GET"]}}],"collection":[{"href":"https:\/\/laultimapalabra.com.mx\/portal\/wp-json\/wp\/v2\/posts"}],"about":[{"href":"https:\/\/laultimapalabra.com.mx\/portal\/wp-json\/wp\/v2\/types\/post"}],"author":[{"embeddable":true,"href":"https:\/\/laultimapalabra.com.mx\/portal\/wp-json\/wp\/v2\/users\/9"}],"replies":[{"embeddable":true,"href":"https:\/\/laultimapalabra.com.mx\/portal\/wp-json\/wp\/v2\/comments?post=20841"}],"version-history":[{"count":2,"href":"https:\/\/laultimapalabra.com.mx\/portal\/wp-json\/wp\/v2\/posts\/20841\/revisions"}],"predecessor-version":[{"id":73518,"href":"https:\/\/laultimapalabra.com.mx\/portal\/wp-json\/wp\/v2\/posts\/20841\/revisions\/73518"}],"wp:featuredmedia":[{"embeddable":true,"href":"https:\/\/laultimapalabra.com.mx\/portal\/wp-json\/wp\/v2\/media\/20822"}],"wp:attachment":[{"href":"https:\/\/laultimapalabra.com.mx\/portal\/wp-json\/wp\/v2\/media?parent=20841"}],"wp:term":[{"taxonomy":"category","embeddable":true,"href":"https:\/\/laultimapalabra.com.mx\/portal\/wp-json\/wp\/v2\/categories?post=20841"},{"taxonomy":"post_tag","embeddable":true,"href":"https:\/\/laultimapalabra.com.mx\/portal\/wp-json\/wp\/v2\/tags?post=20841"}],"curies":[{"name":"wp","href":"https:\/\/api.w.org\/{rel}","templated":true}]}}