                       {"id":20905,"date":"2021-07-21T10:10:22","date_gmt":"2021-07-21T16:10:22","guid":{"rendered":"https:\/\/laultimapalabra.com.mx\/portal\/?p=20905"},"modified":"2024-12-11T10:15:06","modified_gmt":"2024-12-11T16:15:06","slug":"despliega-juarez-mas-de-400-empleados-en-apoyo-a-vacunacion-contra-covid-19","status":"publish","type":"post","link":"https:\/\/laultimapalabra.com.mx\/portal\/despliega-juarez-mas-de-400-empleados-en-apoyo-a-vacunacion-contra-covid-19\/","title":{"rendered":"Despliega Ju\u00e1rez m\u00e1s de 400 empleados en apoyo a vacunaci\u00f3n contra COVID-19"},"content":{"rendered":"<p><span style=\"font-size: 1rem;\"><img loading=\"lazy\" decoding=\"async\" class=\"size-medium wp-image-20897 alignleft\" src=\"https:\/\/laultimapalabra.com.mx\/portal\/wp-content\/uploads\/2021\/07\/IMG-20210720-WA0072-300x200.jpg\" alt=\"\" width=\"300\" height=\"200\" srcset=\"https:\/\/laultimapalabra.com.mx\/portal\/wp-content\/uploads\/2021\/07\/IMG-20210720-WA0072-300x200.jpg 300w, https:\/\/laultimapalabra.com.mx\/portal\/wp-content\/uploads\/2021\/07\/IMG-20210720-WA0072-1024x682.jpg 1024w, https:\/\/laultimapalabra.com.mx\/portal\/wp-content\/uploads\/2021\/07\/IMG-20210720-WA0072-768x512.jpg 768w, https:\/\/laultimapalabra.com.mx\/portal\/wp-content\/uploads\/2021\/07\/IMG-20210720-WA0072-1536x1023.jpg 1536w, https:\/\/laultimapalabra.com.mx\/portal\/wp-content\/uploads\/2021\/07\/IMG-20210720-WA0072.jpg 1600w\" sizes=\"auto, (max-width: 300px) 100vw, 300px\" \/>Ju\u00e1rez, N.L.- El Gobierno Municipal de Ju\u00e1rez en coordinaci\u00f3n con la Secretar\u00eda de Bienestar y la Sedena llevaron a cabo una jornada de segunda d\u00f3sis de vacunaci\u00f3n contra el COVID-19 a personas de 50 a 59 a\u00f1os.<\/span><\/p>\n<p>Para la aplicaci\u00f3n de esta dosis se desplegaron m\u00e1s de 400 empleados municipales en los cinco puntos de vacunaci\u00f3n que se encuentran ubicados en toda la ciudad.<br \/>\nLo anterior en apoyo para lograr una log\u00edstica en conjunto con instituciones de salud, autoridades federales y castrenses, teniendo como objetivo principal la agilidad y r\u00e1pidez para atender a todos los juarenses eficientizando el servicio de principio a fin.<br \/>\nCon esto se logr\u00f3 que no se formaran largas filas acortando el tiempo de espera, donde empleados municipales desde personal de limpieza, doctores y administrativos se unieron para que los juarenses no se retrasaran.<br \/>\nDesde la toma de datos, distribuci\u00f3n al interior de los gimnasios, facilidades a personas con capacidades diferentes, recomendaciones a los ciudadanos posteriormente a la vacuna, entre otras acciones fueron las que se estuvieron realizando.<br \/>\nCabe mencionar que tambi\u00e9n se mont\u00f3 un operativo de seguridad donde participan elementos de Seguridad P\u00fablica Municipal, Protecci\u00f3n Civil as\u00ed como Vialidad y Tr\u00e1nsito quienes ayudan al cruce de peatones y agilizar el tr\u00e1fico que se pudiera generar en los puntos.<br \/>\nPara toda la poblaci\u00f3n juarense se solicita est\u00e9n al pendiente de los medios de comunicaci\u00f3n y redes sociales donde se estar\u00e1n publicando las nuevas fechas de vacunaci\u00f3n.<\/p>\n","protected":false},"excerpt":{"rendered":"<p>Ju\u00e1rez, N.L.- El Gobierno Municipal de Ju\u00e1rez en coordinaci\u00f3n con la Secretar\u00eda de Bienestar y la Sedena llevaron a cabo una jornada de segunda d\u00f3sis de vacunaci\u00f3n contra el COVID-19 a personas de 50 a 59 a\u00f1os. Para la aplicaci\u00f3n de esta dosis se desplegaron m\u00e1s de 400 empleados municipales en los cinco puntos de [&hellip;]<\/p>\n","protected":false},"author":9,"featured_media":20896,"comment_status":"closed","ping_status":"closed","sticky":false,"template":"","format":"standard","meta":{"footnotes":""},"categories":[1],"tags":[3076,2768],"class_list":["post-20905","post","type-post","status-publish","format-standard","has-post-thumbnail","hentry","category-noticias","tag-fuente-la-ultima-palabra","tag-vacunacion-covid-juarez"],"_links":{"self":[{"href":"https:\/\/laultimapalabra.com.mx\/portal\/wp-json\/wp\/v2\/posts\/20905","targetHints":{"allow":["GET"]}}],"collection":[{"href":"https:\/\/laultimapalabra.com.mx\/portal\/wp-json\/wp\/v2\/posts"}],"about":[{"href":"https:\/\/laultimapalabra.com.mx\/portal\/wp-json\/wp\/v2\/types\/post"}],"author":[{"embeddable":true,"href":"https:\/\/laultimapalabra.com.mx\/portal\/wp-json\/wp\/v2\/users\/9"}],"replies":[{"embeddable":true,"href":"https:\/\/laultimapalabra.com.mx\/portal\/wp-json\/wp\/v2\/comments?post=20905"}],"version-history":[{"count":2,"href":"https:\/\/laultimapalabra.com.mx\/portal\/wp-json\/wp\/v2\/posts\/20905\/revisions"}],"predecessor-version":[{"id":73550,"href":"https:\/\/laultimapalabra.com.mx\/portal\/wp-json\/wp\/v2\/posts\/20905\/revisions\/73550"}],"wp:featuredmedia":[{"embeddable":true,"href":"https:\/\/laultimapalabra.com.mx\/portal\/wp-json\/wp\/v2\/media\/20896"}],"wp:attachment":[{"href":"https:\/\/laultimapalabra.com.mx\/portal\/wp-json\/wp\/v2\/media?parent=20905"}],"wp:term":[{"taxonomy":"category","embeddable":true,"href":"https:\/\/laultimapalabra.com.mx\/portal\/wp-json\/wp\/v2\/categories?post=20905"},{"taxonomy":"post_tag","embeddable":true,"href":"https:\/\/laultimapalabra.com.mx\/portal\/wp-json\/wp\/v2\/tags?post=20905"}],"curies":[{"name":"wp","href":"https:\/\/api.w.org\/{rel}","templated":true}]}}