                       {"id":20967,"date":"2021-07-23T14:43:45","date_gmt":"2021-07-23T20:43:45","guid":{"rendered":"https:\/\/laultimapalabra.com.mx\/portal\/?p=20967"},"modified":"2024-12-11T10:15:07","modified_gmt":"2024-12-11T16:15:07","slug":"asaltan-a-familia-en-centro-de-cadereyta","status":"publish","type":"post","link":"https:\/\/laultimapalabra.com.mx\/portal\/asaltan-a-familia-en-centro-de-cadereyta\/","title":{"rendered":"Asaltan a familia en centro de Cadereyta"},"content":{"rendered":"<p><span style=\"font-size: 1rem;\"><img loading=\"lazy\" decoding=\"async\" class=\"size-medium wp-image-20968 alignleft\" src=\"https:\/\/laultimapalabra.com.mx\/portal\/wp-content\/uploads\/2021\/07\/IMG-20210723-WA0006-300x141.jpg\" alt=\"\" width=\"300\" height=\"141\" srcset=\"https:\/\/laultimapalabra.com.mx\/portal\/wp-content\/uploads\/2021\/07\/IMG-20210723-WA0006-300x141.jpg 300w, https:\/\/laultimapalabra.com.mx\/portal\/wp-content\/uploads\/2021\/07\/IMG-20210723-WA0006-1024x481.jpg 1024w, https:\/\/laultimapalabra.com.mx\/portal\/wp-content\/uploads\/2021\/07\/IMG-20210723-WA0006-768x361.jpg 768w, https:\/\/laultimapalabra.com.mx\/portal\/wp-content\/uploads\/2021\/07\/IMG-20210723-WA0006.jpg 1111w\" sizes=\"auto, (max-width: 300px) 100vw, 300px\" \/>Cadereyta Jimenez, N. L.- La ma\u00f1ana de hoy alrededor de las 10:30 am una familia integrada por los padres de familia y un menor sufrieron el susto de sus vidas despues de que tras retirar 25 mil pesos de una sucursal bancaria en el centro de Cadereyta fueran asaltados a mano armada.<\/span><\/p>\n<p>Los hechos ocurrieron en un conocido banco ubicado en el cruce de Hidalgo y 20 de Noviembre en pleno centro de est\u00e1 ciudad.<br \/>\nAl lugar de los hechos acudieron polic\u00edas municipales de Cadereyta para comenzar con las indagatorias correspondientes y sugirieron a los afectados interponer su denuncia ante el Code, pues es esta la \u00fanica instancia que puede solicitar al banco los videos de seguridad para poder ubicar al delincuente que realiz\u00f3 este il\u00edcito.<\/p>\n<p>Fuente: La \u00daltima Palabra<\/p>\n","protected":false},"excerpt":{"rendered":"<p>Cadereyta Jimenez, N. L.- La ma\u00f1ana de hoy alrededor de las 10:30 am una familia integrada por los padres de familia y un menor sufrieron el susto de sus vidas despues de que tras retirar 25 mil pesos de una sucursal bancaria en el centro de Cadereyta fueran asaltados a mano armada. Los hechos ocurrieron [&hellip;]<\/p>\n","protected":false},"author":9,"featured_media":20968,"comment_status":"closed","ping_status":"closed","sticky":false,"template":"","format":"standard","meta":{"footnotes":""},"categories":[8,9],"tags":[189,3076],"class_list":["post-20967","post","type-post","status-publish","format-standard","has-post-thumbnail","hentry","category-seguridad","category-seguridad-cadereyta","tag-asaltos-cadereyta","tag-fuente-la-ultima-palabra"],"_links":{"self":[{"href":"https:\/\/laultimapalabra.com.mx\/portal\/wp-json\/wp\/v2\/posts\/20967","targetHints":{"allow":["GET"]}}],"collection":[{"href":"https:\/\/laultimapalabra.com.mx\/portal\/wp-json\/wp\/v2\/posts"}],"about":[{"href":"https:\/\/laultimapalabra.com.mx\/portal\/wp-json\/wp\/v2\/types\/post"}],"author":[{"embeddable":true,"href":"https:\/\/laultimapalabra.com.mx\/portal\/wp-json\/wp\/v2\/users\/9"}],"replies":[{"embeddable":true,"href":"https:\/\/laultimapalabra.com.mx\/portal\/wp-json\/wp\/v2\/comments?post=20967"}],"version-history":[{"count":2,"href":"https:\/\/laultimapalabra.com.mx\/portal\/wp-json\/wp\/v2\/posts\/20967\/revisions"}],"predecessor-version":[{"id":73574,"href":"https:\/\/laultimapalabra.com.mx\/portal\/wp-json\/wp\/v2\/posts\/20967\/revisions\/73574"}],"wp:featuredmedia":[{"embeddable":true,"href":"https:\/\/laultimapalabra.com.mx\/portal\/wp-json\/wp\/v2\/media\/20968"}],"wp:attachment":[{"href":"https:\/\/laultimapalabra.com.mx\/portal\/wp-json\/wp\/v2\/media?parent=20967"}],"wp:term":[{"taxonomy":"category","embeddable":true,"href":"https:\/\/laultimapalabra.com.mx\/portal\/wp-json\/wp\/v2\/categories?post=20967"},{"taxonomy":"post_tag","embeddable":true,"href":"https:\/\/laultimapalabra.com.mx\/portal\/wp-json\/wp\/v2\/tags?post=20967"}],"curies":[{"name":"wp","href":"https:\/\/api.w.org\/{rel}","templated":true}]}}