                       {"id":2097,"date":"2018-06-15T00:08:57","date_gmt":"2018-06-15T00:08:57","guid":{"rendered":"http:\/\/laultimapalabra.info\/?p=2097"},"modified":"2024-12-11T08:37:16","modified_gmt":"2024-12-11T14:37:16","slug":"reconocen-al-dr-chon-tijerina","status":"publish","type":"post","link":"https:\/\/laultimapalabra.com.mx\/portal\/reconocen-al-dr-chon-tijerina\/","title":{"rendered":"Reconocen al Dr. Chon Tijerina"},"content":{"rendered":"<p style=\"text-align: justify;\"><img loading=\"lazy\" decoding=\"async\" class=\"size-medium wp-image-2098 alignleft\" src=\"https:\/\/laultimapalabra.com.mx\/portal\/wp-content\/uploads\/2018\/06\/1-15-218x300.jpg\" alt=\"\" width=\"218\" height=\"300\" \/>Miguel Oscar P\u00e9rez<br \/>\nCADEREYTA JIM\u00c9NEZ, N.L.-<br \/>\nEl doctor Jos\u00e9 Ascensi\u00f3n Tijerina Flores, recibi\u00f3 importante reconocimiento de parte de importante fundaci\u00f3n el pasado primero de junio.<br \/>\nFue en el Municipio de San Pedro Garza Garc\u00eda, donde la fundaci\u00f3n Dr. Ildefonso V\u00e1zquez Santos (FIVS) entreg\u00f3 una placa por su participaci\u00f3n en el \u201cPeque\u00f1os y Grandes Cronistas\u2026 un encuentro con la Historia de Nuevo Le\u00f3n\u201d.<br \/>\nEl reconocimiento fue firmado por el licenciado Jorge O. V\u00e1zquez Gonz\u00e1lez, como presidente honorario y la licenciada Leonor Guzm\u00e1n Mart\u00ednez, directora general de la fundaci\u00f3n.<\/p>\n","protected":false},"excerpt":{"rendered":"<p>Miguel Oscar P\u00e9rez CADEREYTA JIM\u00c9NEZ, N.L.- El doctor Jos\u00e9 Ascensi\u00f3n Tijerina Flores, recibi\u00f3 importante reconocimiento de parte de importante fundaci\u00f3n el pasado primero de junio. Fue en el Municipio de San Pedro Garza Garc\u00eda, donde la fundaci\u00f3n Dr. Ildefonso V\u00e1zquez Santos (FIVS) entreg\u00f3 una placa por su participaci\u00f3n en el \u201cPeque\u00f1os y Grandes Cronistas\u2026 un [&hellip;]<\/p>\n","protected":false},"author":9,"featured_media":2099,"comment_status":"open","ping_status":"closed","sticky":false,"template":"","format":"standard","meta":{"footnotes":""},"categories":[17],"tags":[879],"class_list":["post-2097","post","type-post","status-publish","format-standard","has-post-thumbnail","hentry","category-locales-cadereyta","tag-dr-jose-ascencion-tijerina-flores"],"_links":{"self":[{"href":"https:\/\/laultimapalabra.com.mx\/portal\/wp-json\/wp\/v2\/posts\/2097","targetHints":{"allow":["GET"]}}],"collection":[{"href":"https:\/\/laultimapalabra.com.mx\/portal\/wp-json\/wp\/v2\/posts"}],"about":[{"href":"https:\/\/laultimapalabra.com.mx\/portal\/wp-json\/wp\/v2\/types\/post"}],"author":[{"embeddable":true,"href":"https:\/\/laultimapalabra.com.mx\/portal\/wp-json\/wp\/v2\/users\/9"}],"replies":[{"embeddable":true,"href":"https:\/\/laultimapalabra.com.mx\/portal\/wp-json\/wp\/v2\/comments?post=2097"}],"version-history":[{"count":1,"href":"https:\/\/laultimapalabra.com.mx\/portal\/wp-json\/wp\/v2\/posts\/2097\/revisions"}],"predecessor-version":[{"id":64135,"href":"https:\/\/laultimapalabra.com.mx\/portal\/wp-json\/wp\/v2\/posts\/2097\/revisions\/64135"}],"wp:featuredmedia":[{"embeddable":true,"href":"https:\/\/laultimapalabra.com.mx\/portal\/wp-json\/"}],"wp:attachment":[{"href":"https:\/\/laultimapalabra.com.mx\/portal\/wp-json\/wp\/v2\/media?parent=2097"}],"wp:term":[{"taxonomy":"category","embeddable":true,"href":"https:\/\/laultimapalabra.com.mx\/portal\/wp-json\/wp\/v2\/categories?post=2097"},{"taxonomy":"post_tag","embeddable":true,"href":"https:\/\/laultimapalabra.com.mx\/portal\/wp-json\/wp\/v2\/tags?post=2097"}],"curies":[{"name":"wp","href":"https:\/\/api.w.org\/{rel}","templated":true}]}}