                       {"id":20981,"date":"2021-07-25T10:08:25","date_gmt":"2021-07-25T16:08:25","guid":{"rendered":"https:\/\/laultimapalabra.com.mx\/portal\/?p=20981"},"modified":"2024-12-11T10:15:07","modified_gmt":"2024-12-11T16:15:07","slug":"cae-transporte-de-personal-a-arroyo-y-deja-5-lesionados","status":"publish","type":"post","link":"https:\/\/laultimapalabra.com.mx\/portal\/cae-transporte-de-personal-a-arroyo-y-deja-5-lesionados\/","title":{"rendered":"Cae transporte de personal a arroyo y deja 5 lesionados"},"content":{"rendered":"<p><span style=\"font-size: 1rem;\"><img loading=\"lazy\" decoding=\"async\" class=\"size-medium wp-image-20983 alignleft\" src=\"https:\/\/laultimapalabra.com.mx\/portal\/wp-content\/uploads\/2021\/07\/IMG-20210724-WA0036-167x300.jpg\" alt=\"\" width=\"167\" height=\"300\" srcset=\"https:\/\/laultimapalabra.com.mx\/portal\/wp-content\/uploads\/2021\/07\/IMG-20210724-WA0036-167x300.jpg 167w, https:\/\/laultimapalabra.com.mx\/portal\/wp-content\/uploads\/2021\/07\/IMG-20210724-WA0036-568x1024.jpg 568w, https:\/\/laultimapalabra.com.mx\/portal\/wp-content\/uploads\/2021\/07\/IMG-20210724-WA0036-768x1384.jpg 768w, https:\/\/laultimapalabra.com.mx\/portal\/wp-content\/uploads\/2021\/07\/IMG-20210724-WA0036-852x1536.jpg 852w, https:\/\/laultimapalabra.com.mx\/portal\/wp-content\/uploads\/2021\/07\/IMG-20210724-WA0036.jpg 888w\" sizes=\"auto, (max-width: 167px) 100vw, 167px\" \/>Ju\u00e1rez, N.L.- Cinco lesionados fue el saldo de un accidente de carretera donde un transporte de personal cay\u00f3 a un arroyo.<\/span><\/p>\n<p>Los hechos ocurrieron a las primeras horas de hoy domingo, donde se presume que la causa fue una dormitada del operador del veh\u00edculo.<br \/>\nLos hechos ocurrieron en la carretera a San Roque,frente a la colonia Valle Real, hasta donde arribaron param\u00e9dicos de Protecci\u00f3n Civil de Ju\u00e1rez y atendieron a cinco lesionados quienes viajaban en dicho transporte de una reconocida linea de los mismos llevando por n\u00famero 9750.<\/p>\n<p>Fuente: La \u00daltima Palabra<\/p>\n","protected":false},"excerpt":{"rendered":"<p>Ju\u00e1rez, N.L.- Cinco lesionados fue el saldo de un accidente de carretera donde un transporte de personal cay\u00f3 a un arroyo. Los hechos ocurrieron a las primeras horas de hoy domingo, donde se presume que la causa fue una dormitada del operador del veh\u00edculo. Los hechos ocurrieron en la carretera a San Roque,frente a la [&hellip;]<\/p>\n","protected":false},"author":9,"featured_media":20982,"comment_status":"closed","ping_status":"closed","sticky":false,"template":"","format":"standard","meta":{"footnotes":""},"categories":[8,10],"tags":[2965,3076],"class_list":["post-20981","post","type-post","status-publish","format-standard","has-post-thumbnail","hentry","category-seguridad","category-seguridad-juarez","tag-accidentes-viales-juarez","tag-fuente-la-ultima-palabra"],"_links":{"self":[{"href":"https:\/\/laultimapalabra.com.mx\/portal\/wp-json\/wp\/v2\/posts\/20981","targetHints":{"allow":["GET"]}}],"collection":[{"href":"https:\/\/laultimapalabra.com.mx\/portal\/wp-json\/wp\/v2\/posts"}],"about":[{"href":"https:\/\/laultimapalabra.com.mx\/portal\/wp-json\/wp\/v2\/types\/post"}],"author":[{"embeddable":true,"href":"https:\/\/laultimapalabra.com.mx\/portal\/wp-json\/wp\/v2\/users\/9"}],"replies":[{"embeddable":true,"href":"https:\/\/laultimapalabra.com.mx\/portal\/wp-json\/wp\/v2\/comments?post=20981"}],"version-history":[{"count":2,"href":"https:\/\/laultimapalabra.com.mx\/portal\/wp-json\/wp\/v2\/posts\/20981\/revisions"}],"predecessor-version":[{"id":73580,"href":"https:\/\/laultimapalabra.com.mx\/portal\/wp-json\/wp\/v2\/posts\/20981\/revisions\/73580"}],"wp:featuredmedia":[{"embeddable":true,"href":"https:\/\/laultimapalabra.com.mx\/portal\/wp-json\/wp\/v2\/media\/20982"}],"wp:attachment":[{"href":"https:\/\/laultimapalabra.com.mx\/portal\/wp-json\/wp\/v2\/media?parent=20981"}],"wp:term":[{"taxonomy":"category","embeddable":true,"href":"https:\/\/laultimapalabra.com.mx\/portal\/wp-json\/wp\/v2\/categories?post=20981"},{"taxonomy":"post_tag","embeddable":true,"href":"https:\/\/laultimapalabra.com.mx\/portal\/wp-json\/wp\/v2\/tags?post=20981"}],"curies":[{"name":"wp","href":"https:\/\/api.w.org\/{rel}","templated":true}]}}