                       {"id":20991,"date":"2021-07-25T10:19:08","date_gmt":"2021-07-25T16:19:08","guid":{"rendered":"https:\/\/laultimapalabra.com.mx\/portal\/?p=20991"},"modified":"2024-12-11T10:15:07","modified_gmt":"2024-12-11T16:15:07","slug":"cae-en-canalon-y-abandonan-camioneta-en-valle-del-roble","status":"publish","type":"post","link":"https:\/\/laultimapalabra.com.mx\/portal\/cae-en-canalon-y-abandonan-camioneta-en-valle-del-roble\/","title":{"rendered":"Cae en canal\u00f3n y abandonan camioneta en Valle del Roble"},"content":{"rendered":"<p><span style=\"font-size: 1rem;\"><img loading=\"lazy\" decoding=\"async\" class=\"size-medium wp-image-20985 alignleft\" src=\"https:\/\/laultimapalabra.com.mx\/portal\/wp-content\/uploads\/2021\/07\/IMG-20210725-WA0000-300x142.jpg\" alt=\"\" width=\"300\" height=\"142\" srcset=\"https:\/\/laultimapalabra.com.mx\/portal\/wp-content\/uploads\/2021\/07\/IMG-20210725-WA0000-300x142.jpg 300w, https:\/\/laultimapalabra.com.mx\/portal\/wp-content\/uploads\/2021\/07\/IMG-20210725-WA0000-1024x484.jpg 1024w, https:\/\/laultimapalabra.com.mx\/portal\/wp-content\/uploads\/2021\/07\/IMG-20210725-WA0000-768x363.jpg 768w, https:\/\/laultimapalabra.com.mx\/portal\/wp-content\/uploads\/2021\/07\/IMG-20210725-WA0000.jpg 1040w\" sizes=\"auto, (max-width: 300px) 100vw, 300px\" \/>Cadereyta Jim\u00e9nez, N.L.- Una camioneta fue abandonada en Av. Del Valle enfrente del sector Granado en la colonia Valle del Roble en Cadereyta despu\u00e9s de que cayera en un canal\u00f3n.<\/span><\/p>\n<p>El hecho se suscit\u00f3 ayer s\u00e1bado alrededor de las 9 de la noche, trat\u00e1ndose de una ford tipo explorer color verde con placas de circulaci\u00f3n SKL-63-97.<br \/>\nHasta el momento se desconoce el porqu\u00e9 se cay\u00f3 en esa parte del canal\u00f3n ya que dio la casualidad que esa parte es la \u00fanica iluminada en la arteria vial.<\/p>\n<p>Fuente: La \u00daltima Palabra<\/p>\n","protected":false},"excerpt":{"rendered":"<p>Cadereyta Jim\u00e9nez, N.L.- Una camioneta fue abandonada en Av. Del Valle enfrente del sector Granado en la colonia Valle del Roble en Cadereyta despu\u00e9s de que cayera en un canal\u00f3n. El hecho se suscit\u00f3 ayer s\u00e1bado alrededor de las 9 de la noche, trat\u00e1ndose de una ford tipo explorer color verde con placas de circulaci\u00f3n [&hellip;]<\/p>\n","protected":false},"author":9,"featured_media":20984,"comment_status":"closed","ping_status":"closed","sticky":false,"template":"","format":"standard","meta":{"footnotes":""},"categories":[17,8,9],"tags":[2747,3076],"class_list":["post-20991","post","type-post","status-publish","format-standard","has-post-thumbnail","hentry","category-locales-cadereyta","category-seguridad","category-seguridad-cadereyta","tag-accidentes-viales-cadereyta","tag-fuente-la-ultima-palabra"],"_links":{"self":[{"href":"https:\/\/laultimapalabra.com.mx\/portal\/wp-json\/wp\/v2\/posts\/20991","targetHints":{"allow":["GET"]}}],"collection":[{"href":"https:\/\/laultimapalabra.com.mx\/portal\/wp-json\/wp\/v2\/posts"}],"about":[{"href":"https:\/\/laultimapalabra.com.mx\/portal\/wp-json\/wp\/v2\/types\/post"}],"author":[{"embeddable":true,"href":"https:\/\/laultimapalabra.com.mx\/portal\/wp-json\/wp\/v2\/users\/9"}],"replies":[{"embeddable":true,"href":"https:\/\/laultimapalabra.com.mx\/portal\/wp-json\/wp\/v2\/comments?post=20991"}],"version-history":[{"count":2,"href":"https:\/\/laultimapalabra.com.mx\/portal\/wp-json\/wp\/v2\/posts\/20991\/revisions"}],"predecessor-version":[{"id":73582,"href":"https:\/\/laultimapalabra.com.mx\/portal\/wp-json\/wp\/v2\/posts\/20991\/revisions\/73582"}],"wp:featuredmedia":[{"embeddable":true,"href":"https:\/\/laultimapalabra.com.mx\/portal\/wp-json\/wp\/v2\/media\/20984"}],"wp:attachment":[{"href":"https:\/\/laultimapalabra.com.mx\/portal\/wp-json\/wp\/v2\/media?parent=20991"}],"wp:term":[{"taxonomy":"category","embeddable":true,"href":"https:\/\/laultimapalabra.com.mx\/portal\/wp-json\/wp\/v2\/categories?post=20991"},{"taxonomy":"post_tag","embeddable":true,"href":"https:\/\/laultimapalabra.com.mx\/portal\/wp-json\/wp\/v2\/tags?post=20991"}],"curies":[{"name":"wp","href":"https:\/\/api.w.org\/{rel}","templated":true}]}}