                       {"id":21014,"date":"2021-07-26T09:37:41","date_gmt":"2021-07-26T15:37:41","guid":{"rendered":"https:\/\/laultimapalabra.com.mx\/portal\/?p=21014"},"modified":"2024-12-11T10:15:08","modified_gmt":"2024-12-11T16:15:08","slug":"entra-menor-a-nadar-a-rio-y-desaparece-en-cadereyta","status":"publish","type":"post","link":"https:\/\/laultimapalabra.com.mx\/portal\/entra-menor-a-nadar-a-rio-y-desaparece-en-cadereyta\/","title":{"rendered":"Entra menor a nadar a r\u00edo y desaparece en Cadereyta"},"content":{"rendered":"<blockquote>\n<div style=\"text-align: left;\" align=\"left\"><span style=\"font-size: 1rem;\"><img loading=\"lazy\" decoding=\"async\" class=\"size-medium wp-image-21015 alignleft\" src=\"https:\/\/laultimapalabra.com.mx\/portal\/wp-content\/uploads\/2021\/07\/5076918-300x200.jpg\" alt=\"\" width=\"300\" height=\"200\" srcset=\"https:\/\/laultimapalabra.com.mx\/portal\/wp-content\/uploads\/2021\/07\/5076918-300x200.jpg 300w, https:\/\/laultimapalabra.com.mx\/portal\/wp-content\/uploads\/2021\/07\/5076918-768x512.jpg 768w, https:\/\/laultimapalabra.com.mx\/portal\/wp-content\/uploads\/2021\/07\/5076918.jpg 960w\" sizes=\"auto, (max-width: 300px) 100vw, 300px\" \/>Cadereyta Jim\u00e9nez, N.L.- Un menor desapareci\u00f3 luego de que entr\u00f3 a un r\u00edo a nadar, en Cadereyta.<\/span><\/div>\n<\/blockquote>\n<div align=\"center\">\n<p dir=\"ltr\" style=\"text-align: left;\">Alrededor de las 19:00 horas de ayer se pidi\u00f3 el apoyo de elementos de Protecci\u00f3n Civil Municipal y Emergencias Cadereyta en el R\u00edo Ramos.<\/p>\n<p dir=\"ltr\" style=\"text-align: left;\">Extraoficialmente se dijo que el joven fue identificado como Juan Carlos, de 17 a\u00f1os, quien tiene su domicilio en la Colonia Valle del Roble.<\/p>\n<p dir=\"ltr\" style=\"text-align: left;\">Personal de Protecci\u00f3n Civil del Estado y del Grupo Axolotes de rescate acu\u00e1tico, con apoyo de un dron especial subacu\u00e1tico, se trasladaron al sitio.<\/p>\n<p dir=\"ltr\" style=\"text-align: left;\">Al caer la noche y no localizar al joven, las autoridades decidieron reanudar la b\u00fasqueda la ma\u00f1ana de hoy lunes.<\/p>\n<p dir=\"ltr\" style=\"text-align: left;\">Fuente: El Norte<\/p>\n<p dir=\"ltr\" style=\"text-align: left;\">\n<\/div>\n","protected":false},"excerpt":{"rendered":"<p>Cadereyta Jim\u00e9nez, N.L.- Un menor desapareci\u00f3 luego de que entr\u00f3 a un r\u00edo a nadar, en Cadereyta. Alrededor de las 19:00 horas de ayer se pidi\u00f3 el apoyo de elementos de Protecci\u00f3n Civil Municipal y Emergencias Cadereyta en el R\u00edo Ramos. Extraoficialmente se dijo que el joven fue identificado como Juan Carlos, de 17 a\u00f1os, [&hellip;]<\/p>\n","protected":false},"author":9,"featured_media":21015,"comment_status":"closed","ping_status":"closed","sticky":false,"template":"","format":"standard","meta":{"footnotes":""},"categories":[17],"tags":[2670,3075],"class_list":["post-21014","post","type-post","status-publish","format-standard","has-post-thumbnail","hentry","category-locales-cadereyta","tag-ahogados-cadereyta","tag-fuente-el-norte"],"_links":{"self":[{"href":"https:\/\/laultimapalabra.com.mx\/portal\/wp-json\/wp\/v2\/posts\/21014","targetHints":{"allow":["GET"]}}],"collection":[{"href":"https:\/\/laultimapalabra.com.mx\/portal\/wp-json\/wp\/v2\/posts"}],"about":[{"href":"https:\/\/laultimapalabra.com.mx\/portal\/wp-json\/wp\/v2\/types\/post"}],"author":[{"embeddable":true,"href":"https:\/\/laultimapalabra.com.mx\/portal\/wp-json\/wp\/v2\/users\/9"}],"replies":[{"embeddable":true,"href":"https:\/\/laultimapalabra.com.mx\/portal\/wp-json\/wp\/v2\/comments?post=21014"}],"version-history":[{"count":2,"href":"https:\/\/laultimapalabra.com.mx\/portal\/wp-json\/wp\/v2\/posts\/21014\/revisions"}],"predecessor-version":[{"id":73594,"href":"https:\/\/laultimapalabra.com.mx\/portal\/wp-json\/wp\/v2\/posts\/21014\/revisions\/73594"}],"wp:featuredmedia":[{"embeddable":true,"href":"https:\/\/laultimapalabra.com.mx\/portal\/wp-json\/wp\/v2\/media\/21015"}],"wp:attachment":[{"href":"https:\/\/laultimapalabra.com.mx\/portal\/wp-json\/wp\/v2\/media?parent=21014"}],"wp:term":[{"taxonomy":"category","embeddable":true,"href":"https:\/\/laultimapalabra.com.mx\/portal\/wp-json\/wp\/v2\/categories?post=21014"},{"taxonomy":"post_tag","embeddable":true,"href":"https:\/\/laultimapalabra.com.mx\/portal\/wp-json\/wp\/v2\/tags?post=21014"}],"curies":[{"name":"wp","href":"https:\/\/api.w.org\/{rel}","templated":true}]}}