                       {"id":21019,"date":"2021-07-26T10:37:40","date_gmt":"2021-07-26T16:37:40","guid":{"rendered":"https:\/\/laultimapalabra.com.mx\/portal\/?p=21019"},"modified":"2024-12-11T10:15:08","modified_gmt":"2024-12-11T16:15:08","slug":"encuentran-sin-vida-a-joven-que-ayer-desaparecio-en-aguas-del-rio-ramos-en-cadereyta","status":"publish","type":"post","link":"https:\/\/laultimapalabra.com.mx\/portal\/encuentran-sin-vida-a-joven-que-ayer-desaparecio-en-aguas-del-rio-ramos-en-cadereyta\/","title":{"rendered":"Encuentran sin vida a joven que ayer desaparecio en aguas del R\u00edo Ramos en Cadereyta"},"content":{"rendered":"<p><img loading=\"lazy\" decoding=\"async\" class=\"size-medium wp-image-21020 alignleft\" src=\"https:\/\/laultimapalabra.com.mx\/portal\/wp-content\/uploads\/2021\/07\/IMG-20210726-WA0032-300x225.jpg\" alt=\"\" width=\"300\" height=\"225\" srcset=\"https:\/\/laultimapalabra.com.mx\/portal\/wp-content\/uploads\/2021\/07\/IMG-20210726-WA0032-300x225.jpg 300w, https:\/\/laultimapalabra.com.mx\/portal\/wp-content\/uploads\/2021\/07\/IMG-20210726-WA0032-1024x768.jpg 1024w, https:\/\/laultimapalabra.com.mx\/portal\/wp-content\/uploads\/2021\/07\/IMG-20210726-WA0032-768x576.jpg 768w, https:\/\/laultimapalabra.com.mx\/portal\/wp-content\/uploads\/2021\/07\/IMG-20210726-WA0032.jpg 1040w\" sizes=\"auto, (max-width: 300px) 100vw, 300px\" \/>#Actualizaci\u00f3n<br \/>\n<span style=\"font-size: 1rem;\">Cadereyta Jim\u00e9nez, N.L.- Esta ma\u00f1ana alrededor de las 11 fue encontrado sin vida el cuerpo del joven Juan Carlos Trujll de la Rosa, habitante de la colonia Valle del Roble quien era buscado en las aguas del R\u00edo Ramos desde la tarde de ayer domingo.<\/span><\/p>\n<p>Fue a la altura de la comunidad La Uni\u00f3n donde el cuerpo fue encontrado.<br \/>\nTrascendi\u00f3 que el joven estudiante de la Prepa 8 acababa de cumplir 18 a\u00f1os y que ten\u00eda residiendo en el municipio de Cadereyta apenas seis meses.<br \/>\nAnte la tragedia, su pap\u00e1 Juan Francisco Trujillo solicita apoyo con los gastos funerarios ya que como es de esperarse no se encuentran preparados para tan dif\u00edcil situacion.<br \/>\nQuien guste y pueda apoyar se puede comunicar con \u00e9l al tel\u00e9fono 8128 77 69 74.<\/p>\n<p>Fuente: La \u00daltima Palabra<\/p>\n","protected":false},"excerpt":{"rendered":"<p>#Actualizaci\u00f3n Cadereyta Jim\u00e9nez, N.L.- Esta ma\u00f1ana alrededor de las 11 fue encontrado sin vida el cuerpo del joven Juan Carlos Trujll de la Rosa, habitante de la colonia Valle del Roble quien era buscado en las aguas del R\u00edo Ramos desde la tarde de ayer domingo. Fue a la altura de la comunidad La Uni\u00f3n [&hellip;]<\/p>\n","protected":false},"author":9,"featured_media":21020,"comment_status":"closed","ping_status":"closed","sticky":false,"template":"","format":"standard","meta":{"footnotes":""},"categories":[17],"tags":[2670,3076],"class_list":["post-21019","post","type-post","status-publish","format-standard","has-post-thumbnail","hentry","category-locales-cadereyta","tag-ahogados-cadereyta","tag-fuente-la-ultima-palabra"],"_links":{"self":[{"href":"https:\/\/laultimapalabra.com.mx\/portal\/wp-json\/wp\/v2\/posts\/21019","targetHints":{"allow":["GET"]}}],"collection":[{"href":"https:\/\/laultimapalabra.com.mx\/portal\/wp-json\/wp\/v2\/posts"}],"about":[{"href":"https:\/\/laultimapalabra.com.mx\/portal\/wp-json\/wp\/v2\/types\/post"}],"author":[{"embeddable":true,"href":"https:\/\/laultimapalabra.com.mx\/portal\/wp-json\/wp\/v2\/users\/9"}],"replies":[{"embeddable":true,"href":"https:\/\/laultimapalabra.com.mx\/portal\/wp-json\/wp\/v2\/comments?post=21019"}],"version-history":[{"count":2,"href":"https:\/\/laultimapalabra.com.mx\/portal\/wp-json\/wp\/v2\/posts\/21019\/revisions"}],"predecessor-version":[{"id":73596,"href":"https:\/\/laultimapalabra.com.mx\/portal\/wp-json\/wp\/v2\/posts\/21019\/revisions\/73596"}],"wp:featuredmedia":[{"embeddable":true,"href":"https:\/\/laultimapalabra.com.mx\/portal\/wp-json\/wp\/v2\/media\/21020"}],"wp:attachment":[{"href":"https:\/\/laultimapalabra.com.mx\/portal\/wp-json\/wp\/v2\/media?parent=21019"}],"wp:term":[{"taxonomy":"category","embeddable":true,"href":"https:\/\/laultimapalabra.com.mx\/portal\/wp-json\/wp\/v2\/categories?post=21019"},{"taxonomy":"post_tag","embeddable":true,"href":"https:\/\/laultimapalabra.com.mx\/portal\/wp-json\/wp\/v2\/tags?post=21019"}],"curies":[{"name":"wp","href":"https:\/\/api.w.org\/{rel}","templated":true}]}}