                       {"id":21023,"date":"2021-07-26T14:25:56","date_gmt":"2021-07-26T20:25:56","guid":{"rendered":"https:\/\/laultimapalabra.com.mx\/portal\/?p=21023"},"modified":"2024-12-11T10:15:08","modified_gmt":"2024-12-11T16:15:08","slug":"se-vuelca-trailer-sobre-la-cadereyta-allende","status":"publish","type":"post","link":"https:\/\/laultimapalabra.com.mx\/portal\/se-vuelca-trailer-sobre-la-cadereyta-allende\/","title":{"rendered":"Se vuelca tr\u00e1iler sobre la Cadereyta-Allende"},"content":{"rendered":"<p><img loading=\"lazy\" decoding=\"async\" class=\"size-medium wp-image-21024 alignleft\" src=\"https:\/\/laultimapalabra.com.mx\/portal\/wp-content\/uploads\/2021\/07\/IMG-20210726-WA0004-300x169.jpg\" alt=\"\" width=\"300\" height=\"169\" srcset=\"https:\/\/laultimapalabra.com.mx\/portal\/wp-content\/uploads\/2021\/07\/IMG-20210726-WA0004-300x169.jpg 300w, https:\/\/laultimapalabra.com.mx\/portal\/wp-content\/uploads\/2021\/07\/IMG-20210726-WA0004-1024x576.jpg 1024w, https:\/\/laultimapalabra.com.mx\/portal\/wp-content\/uploads\/2021\/07\/IMG-20210726-WA0004-768x432.jpg 768w, https:\/\/laultimapalabra.com.mx\/portal\/wp-content\/uploads\/2021\/07\/IMG-20210726-WA0004.jpg 1280w\" sizes=\"auto, (max-width: 300px) 100vw, 300px\" \/>Cadereyta Jim\u00e9nez, N.L.- Ay<span style=\"font-size: 1rem;\">er por la noche alrededor de las 22:00 horas se dio la volcadura de un tr\u00e1iler sobre la carretera Cadereyta-Allende a 300-400 metros de la entrada a la comunidad de El Barranquito, donde el ch\u00f3fer de la pesada unidad dijo haber tratado de esquivar un veh\u00edculo tipo Clio marca Renault con placas de circulaci\u00f3n SPW 77 22, el cual se le atraves\u00f3 provocando el percance vial, y a su vez trascendiendo el posible estado alcoh\u00f3lico en el que se encontraba el conductor de dicho veh\u00edculo a quien los testigos casi linchaban en el lugar de los hechos aunque afortunadamente no hubo lesionados y donde tambi\u00e9n estuvieron presentes Servicios de Emergencia Cadereyta y Tr\u00e1nsito Municipal de dicha ciudad.<\/span><\/p>\n","protected":false},"excerpt":{"rendered":"<p>Cadereyta Jim\u00e9nez, N.L.- Ayer por la noche alrededor de las 22:00 horas se dio la volcadura de un tr\u00e1iler sobre la carretera Cadereyta-Allende a 300-400 metros de la entrada a la comunidad de El Barranquito, donde el ch\u00f3fer de la pesada unidad dijo haber tratado de esquivar un veh\u00edculo tipo Clio marca Renault con placas [&hellip;]<\/p>\n","protected":false},"author":9,"featured_media":21025,"comment_status":"closed","ping_status":"closed","sticky":false,"template":"","format":"standard","meta":{"footnotes":""},"categories":[1],"tags":[2747,3076],"class_list":["post-21023","post","type-post","status-publish","format-standard","has-post-thumbnail","hentry","category-noticias","tag-accidentes-viales-cadereyta","tag-fuente-la-ultima-palabra"],"_links":{"self":[{"href":"https:\/\/laultimapalabra.com.mx\/portal\/wp-json\/wp\/v2\/posts\/21023","targetHints":{"allow":["GET"]}}],"collection":[{"href":"https:\/\/laultimapalabra.com.mx\/portal\/wp-json\/wp\/v2\/posts"}],"about":[{"href":"https:\/\/laultimapalabra.com.mx\/portal\/wp-json\/wp\/v2\/types\/post"}],"author":[{"embeddable":true,"href":"https:\/\/laultimapalabra.com.mx\/portal\/wp-json\/wp\/v2\/users\/9"}],"replies":[{"embeddable":true,"href":"https:\/\/laultimapalabra.com.mx\/portal\/wp-json\/wp\/v2\/comments?post=21023"}],"version-history":[{"count":2,"href":"https:\/\/laultimapalabra.com.mx\/portal\/wp-json\/wp\/v2\/posts\/21023\/revisions"}],"predecessor-version":[{"id":73598,"href":"https:\/\/laultimapalabra.com.mx\/portal\/wp-json\/wp\/v2\/posts\/21023\/revisions\/73598"}],"wp:featuredmedia":[{"embeddable":true,"href":"https:\/\/laultimapalabra.com.mx\/portal\/wp-json\/wp\/v2\/media\/21025"}],"wp:attachment":[{"href":"https:\/\/laultimapalabra.com.mx\/portal\/wp-json\/wp\/v2\/media?parent=21023"}],"wp:term":[{"taxonomy":"category","embeddable":true,"href":"https:\/\/laultimapalabra.com.mx\/portal\/wp-json\/wp\/v2\/categories?post=21023"},{"taxonomy":"post_tag","embeddable":true,"href":"https:\/\/laultimapalabra.com.mx\/portal\/wp-json\/wp\/v2\/tags?post=21023"}],"curies":[{"name":"wp","href":"https:\/\/api.w.org\/{rel}","templated":true}]}}