                       {"id":21027,"date":"2021-07-26T14:45:40","date_gmt":"2021-07-26T20:45:40","guid":{"rendered":"https:\/\/laultimapalabra.com.mx\/portal\/?p=21027"},"modified":"2024-12-11T10:15:08","modified_gmt":"2024-12-11T16:15:08","slug":"deja-un-muerto-fatal-encontronazo-frente-a-pemex","status":"publish","type":"post","link":"https:\/\/laultimapalabra.com.mx\/portal\/deja-un-muerto-fatal-encontronazo-frente-a-pemex\/","title":{"rendered":"Deja un muerto fatal &#8220;encontronazo&#8221; frente a Pemex"},"content":{"rendered":"<p><span style=\"font-size: 1rem;\"><img loading=\"lazy\" decoding=\"async\" class=\"size-medium wp-image-21028 alignleft\" src=\"https:\/\/laultimapalabra.com.mx\/portal\/wp-content\/uploads\/2021\/07\/IMG-20210726-WA0050-300x225.jpg\" alt=\"\" width=\"300\" height=\"225\" srcset=\"https:\/\/laultimapalabra.com.mx\/portal\/wp-content\/uploads\/2021\/07\/IMG-20210726-WA0050-300x225.jpg 300w, https:\/\/laultimapalabra.com.mx\/portal\/wp-content\/uploads\/2021\/07\/IMG-20210726-WA0050-1024x768.jpg 1024w, https:\/\/laultimapalabra.com.mx\/portal\/wp-content\/uploads\/2021\/07\/IMG-20210726-WA0050-768x576.jpg 768w, https:\/\/laultimapalabra.com.mx\/portal\/wp-content\/uploads\/2021\/07\/IMG-20210726-WA0050-1536x1152.jpg 1536w, https:\/\/laultimapalabra.com.mx\/portal\/wp-content\/uploads\/2021\/07\/IMG-20210726-WA0050.jpg 1600w\" sizes=\"auto, (max-width: 300px) 100vw, 300px\" \/>Cadereyta Jim\u00e9nez, N.L.- Un fatal resultado de un muerto fue el saldo que dej\u00f3 un choque de frente entre un auto Marquiz negro y una camioneta estaquitas repartidora de agua purificada la tarde de este lunes.<\/span><\/p>\n<p>Alrededor de las 13:00 horas este accidente vial se suscit\u00f3 sobre la carretera libre a Reynosa en el km 35 aproximadamente antes de la puerta 6 en el puente II de Pemex, cuando el veh\u00edculo Marquiz invadi\u00f3 carril impactandose de frente con la camioneta, dejando al conductor sin vida y al conductor de la camioneta lesionado, quien fue trasladado a la cl\u00ednica 14 para su atenci\u00f3n m\u00e9dica mientras tr\u00e1nsito municipal realizaba el parte correspondiente para deslindar responsabilidades.<\/p>\n<p>Fuente: La \u00daltima Palabra<\/p>\n","protected":false},"excerpt":{"rendered":"<p>Cadereyta Jim\u00e9nez, N.L.- Un fatal resultado de un muerto fue el saldo que dej\u00f3 un choque de frente entre un auto Marquiz negro y una camioneta estaquitas repartidora de agua purificada la tarde de este lunes. Alrededor de las 13:00 horas este accidente vial se suscit\u00f3 sobre la carretera libre a Reynosa en el km [&hellip;]<\/p>\n","protected":false},"author":9,"featured_media":21029,"comment_status":"closed","ping_status":"closed","sticky":false,"template":"","format":"standard","meta":{"footnotes":""},"categories":[1],"tags":[2747,3076],"class_list":["post-21027","post","type-post","status-publish","format-standard","has-post-thumbnail","hentry","category-noticias","tag-accidentes-viales-cadereyta","tag-fuente-la-ultima-palabra"],"_links":{"self":[{"href":"https:\/\/laultimapalabra.com.mx\/portal\/wp-json\/wp\/v2\/posts\/21027","targetHints":{"allow":["GET"]}}],"collection":[{"href":"https:\/\/laultimapalabra.com.mx\/portal\/wp-json\/wp\/v2\/posts"}],"about":[{"href":"https:\/\/laultimapalabra.com.mx\/portal\/wp-json\/wp\/v2\/types\/post"}],"author":[{"embeddable":true,"href":"https:\/\/laultimapalabra.com.mx\/portal\/wp-json\/wp\/v2\/users\/9"}],"replies":[{"embeddable":true,"href":"https:\/\/laultimapalabra.com.mx\/portal\/wp-json\/wp\/v2\/comments?post=21027"}],"version-history":[{"count":2,"href":"https:\/\/laultimapalabra.com.mx\/portal\/wp-json\/wp\/v2\/posts\/21027\/revisions"}],"predecessor-version":[{"id":73600,"href":"https:\/\/laultimapalabra.com.mx\/portal\/wp-json\/wp\/v2\/posts\/21027\/revisions\/73600"}],"wp:featuredmedia":[{"embeddable":true,"href":"https:\/\/laultimapalabra.com.mx\/portal\/wp-json\/wp\/v2\/media\/21029"}],"wp:attachment":[{"href":"https:\/\/laultimapalabra.com.mx\/portal\/wp-json\/wp\/v2\/media?parent=21027"}],"wp:term":[{"taxonomy":"category","embeddable":true,"href":"https:\/\/laultimapalabra.com.mx\/portal\/wp-json\/wp\/v2\/categories?post=21027"},{"taxonomy":"post_tag","embeddable":true,"href":"https:\/\/laultimapalabra.com.mx\/portal\/wp-json\/wp\/v2\/tags?post=21027"}],"curies":[{"name":"wp","href":"https:\/\/api.w.org\/{rel}","templated":true}]}}