                       {"id":21055,"date":"2021-07-27T16:26:18","date_gmt":"2021-07-27T22:26:18","guid":{"rendered":"https:\/\/laultimapalabra.com.mx\/portal\/?p=21055"},"modified":"2024-12-11T10:15:09","modified_gmt":"2024-12-11T16:15:09","slug":"deja-choque-un-lesionado-en-autopista-a-reynosa","status":"publish","type":"post","link":"https:\/\/laultimapalabra.com.mx\/portal\/deja-choque-un-lesionado-en-autopista-a-reynosa\/","title":{"rendered":"Deja choque un lesionado en Autopista a Reynosa"},"content":{"rendered":"<p><span style=\"font-size: 1rem;\"><img loading=\"lazy\" decoding=\"async\" class=\"size-medium wp-image-21042 alignleft\" src=\"https:\/\/laultimapalabra.com.mx\/portal\/wp-content\/uploads\/2021\/07\/IMG-20210727-WA0014-300x168.jpg\" alt=\"\" width=\"300\" height=\"168\" srcset=\"https:\/\/laultimapalabra.com.mx\/portal\/wp-content\/uploads\/2021\/07\/IMG-20210727-WA0014-300x168.jpg 300w, https:\/\/laultimapalabra.com.mx\/portal\/wp-content\/uploads\/2021\/07\/IMG-20210727-WA0014.jpg 720w\" sizes=\"auto, (max-width: 300px) 100vw, 300px\" \/>Cadereyta Jim\u00e9nez, N.L.-<\/span><\/p>\n<p>Esta ma\u00f1ana alrededor de las 10:00 horas, se registr\u00f3 un fuerte accidente vial que dej\u00f3 como saldo un lesionado, el cual, fue\u00a0 trasladado al Hospital Universitario por los Servicios de Emergencia Cadereyta.<\/p>\n<p>El aparatoso accidente entre dos camionetas, una Jeep y una Ford se dio en el kil\u00f3metro 35 de la Autopista a Reynosa a la altura de Pemex.<\/p>\n<p>Las primeras investigaciones indican que la camioneta Ford F150 invadi\u00f3 carril para tomar el retorno por lo que fue impactado por la parte posterior izquierda de la caja dejando al veh\u00edculo Jeep en p\u00e9rdida total y dejando al conductor lesionado.<\/p>\n<p>Elementos de la Guardia Nacional se hicieron presentes en el lugar, para abanderar el sitio del accidente e iniciar las primeras s investigaciones.<\/p>\n<p>FUENTE: LA \u00daLTIMA PALABRA<\/p>\n<p>&nbsp;<\/p>\n","protected":false},"excerpt":{"rendered":"<p>Cadereyta Jim\u00e9nez, N.L.- Esta ma\u00f1ana alrededor de las 10:00 horas, se registr\u00f3 un fuerte accidente vial que dej\u00f3 como saldo un lesionado, el cual, fue\u00a0 trasladado al Hospital Universitario por los Servicios de Emergencia Cadereyta. El aparatoso accidente entre dos camionetas, una Jeep y una Ford se dio en el kil\u00f3metro 35 de la Autopista [&hellip;]<\/p>\n","protected":false},"author":9,"featured_media":21041,"comment_status":"closed","ping_status":"closed","sticky":false,"template":"","format":"standard","meta":{"footnotes":""},"categories":[8,9],"tags":[2747,3076],"class_list":["post-21055","post","type-post","status-publish","format-standard","has-post-thumbnail","hentry","category-seguridad","category-seguridad-cadereyta","tag-accidentes-viales-cadereyta","tag-fuente-la-ultima-palabra"],"_links":{"self":[{"href":"https:\/\/laultimapalabra.com.mx\/portal\/wp-json\/wp\/v2\/posts\/21055","targetHints":{"allow":["GET"]}}],"collection":[{"href":"https:\/\/laultimapalabra.com.mx\/portal\/wp-json\/wp\/v2\/posts"}],"about":[{"href":"https:\/\/laultimapalabra.com.mx\/portal\/wp-json\/wp\/v2\/types\/post"}],"author":[{"embeddable":true,"href":"https:\/\/laultimapalabra.com.mx\/portal\/wp-json\/wp\/v2\/users\/9"}],"replies":[{"embeddable":true,"href":"https:\/\/laultimapalabra.com.mx\/portal\/wp-json\/wp\/v2\/comments?post=21055"}],"version-history":[{"count":2,"href":"https:\/\/laultimapalabra.com.mx\/portal\/wp-json\/wp\/v2\/posts\/21055\/revisions"}],"predecessor-version":[{"id":73610,"href":"https:\/\/laultimapalabra.com.mx\/portal\/wp-json\/wp\/v2\/posts\/21055\/revisions\/73610"}],"wp:featuredmedia":[{"embeddable":true,"href":"https:\/\/laultimapalabra.com.mx\/portal\/wp-json\/wp\/v2\/media\/21041"}],"wp:attachment":[{"href":"https:\/\/laultimapalabra.com.mx\/portal\/wp-json\/wp\/v2\/media?parent=21055"}],"wp:term":[{"taxonomy":"category","embeddable":true,"href":"https:\/\/laultimapalabra.com.mx\/portal\/wp-json\/wp\/v2\/categories?post=21055"},{"taxonomy":"post_tag","embeddable":true,"href":"https:\/\/laultimapalabra.com.mx\/portal\/wp-json\/wp\/v2\/tags?post=21055"}],"curies":[{"name":"wp","href":"https:\/\/api.w.org\/{rel}","templated":true}]}}