                       {"id":21060,"date":"2021-07-27T17:07:35","date_gmt":"2021-07-27T23:07:35","guid":{"rendered":"https:\/\/laultimapalabra.com.mx\/portal\/?p=21060"},"modified":"2024-12-11T10:15:09","modified_gmt":"2024-12-11T16:15:09","slug":"se-reporta-gobierno-de-juarez-listo-para-aplicacion-de-vacuna-contra-covid-a-sector-de-30-39-anos","status":"publish","type":"post","link":"https:\/\/laultimapalabra.com.mx\/portal\/se-reporta-gobierno-de-juarez-listo-para-aplicacion-de-vacuna-contra-covid-a-sector-de-30-39-anos\/","title":{"rendered":"Se reporta Gobierno de Ju\u00e1rez listo para aplicaci\u00f3n de vacuna contra Covid a sector de 30-39 a\u00f1os"},"content":{"rendered":"<p><span style=\"font-size: 1rem;\"><img loading=\"lazy\" decoding=\"async\" class=\"size-medium wp-image-21061 alignleft\" src=\"https:\/\/laultimapalabra.com.mx\/portal\/wp-content\/uploads\/2021\/07\/IMG-20210727-WA0025-300x300.jpg\" alt=\"\" width=\"300\" height=\"300\" srcset=\"https:\/\/laultimapalabra.com.mx\/portal\/wp-content\/uploads\/2021\/07\/IMG-20210727-WA0025-300x300.jpg 300w, https:\/\/laultimapalabra.com.mx\/portal\/wp-content\/uploads\/2021\/07\/IMG-20210727-WA0025-1024x1024.jpg 1024w, https:\/\/laultimapalabra.com.mx\/portal\/wp-content\/uploads\/2021\/07\/IMG-20210727-WA0025-150x150.jpg 150w, https:\/\/laultimapalabra.com.mx\/portal\/wp-content\/uploads\/2021\/07\/IMG-20210727-WA0025-768x768.jpg 768w, https:\/\/laultimapalabra.com.mx\/portal\/wp-content\/uploads\/2021\/07\/IMG-20210727-WA0025.jpg 1280w\" sizes=\"auto, (max-width: 300px) 100vw, 300px\" \/>Ju\u00e1rez, N.L.- El Gobierno Municipal de Ju\u00e1rez en coordinaci\u00f3n con la Secretar\u00eda de Bienestar y la Sedena, se reportan listos y preparados para la aplicaci\u00f3n de la primera dosis para todos los juarenses de 30 a 39 a\u00f1os.<\/span><\/p>\n<p>En esta ocasi\u00f3n las vacunas ser\u00e1n de la farmac\u00e9utica AstraZeneca y se estar\u00e1n aplicando los d\u00edas 29,30 y 31 de julio del 2021, de las 8:00 hasta las 14:00 horas, los ciudadanos deber\u00e1n acudir en la fecha correspondiente en el siguiente horario establecido:<\/p>\n<p>Horarios en base a la primera letra del apellido paterno.<\/p>\n<p>\u2022 Jueves 29 de julio \u2013 8:00 am A-B, 11:00 am C-D-E y 14:00 horas F-G-H.<\/p>\n<p>\u2022Viernes 30 de julio \u2013 8:00 am I-J-K, 11:00 am L-M y 14:00 horas N-\u00d1-O<\/p>\n<p>\u2022S\u00e1bado 31 de julio -8:00 am P-Q-R, 11:00 am S-T-U, 14:00 horas V-W-X-Y-Z.<\/p>\n<p>Cabe mencionar que para esta jornada se destinar\u00e1n 60 mil vacunas y en esta ocasi\u00f3n no ser\u00e1 aplicada como segunda dosis para las edades de 40 a 49 a\u00f1os debido a que esta fue entregada recientemente y no se ha completado el tiempo necesario, sin embargo si entran todas las mujeres embarazadas de 18 a\u00f1os en adelante con m\u00e1s de nueve semanas de gestaci\u00f3n.<\/p>\n<p>Los puntos de vacunaci\u00f3n ser\u00e1n los siguientes los de costumbre<\/p>\n<p>\u2022\u00a0 \u00a0 \u00a0 \u00a0 Drive Thru, Avenida Eloy Cavazos y cruce con Carretera a San Mateo.<\/p>\n<p>\u2022\u00a0 \u00a0 \u00a0 \u00a0 Polivalente Villas de Jos\u00e9.<\/p>\n<p>\u2022\u00a0 \u00a0 \u00a0 \u00a0 Polivalente Monteverde.<\/p>\n<p>\u2022\u00a0 \u00a0 \u00a0 \u00a0 Polivalente Santa M\u00f3nica.<\/p>\n<p>\u2022\u00a0 \u00a0 \u00a0 \u00a0 Col. H\u00e9ctor Caballero (al exterior de la primaria Francisco Villa).<\/p>\n<p>Se les solicita a la poblaci\u00f3n de Ju\u00e1rez a que acudan al centro de vacunaci\u00f3n m\u00e1s cercano respetando el horario establecido, presentando su hoja de registro impresa, INE y comprobante de domicilio.<\/p>\n<p>Tambi\u00e9n estar al pendiente de los avisos en medios de comunicaci\u00f3n y redes sociales del Gobierno Municipal de Ju\u00e1rez donde se anunciar\u00e1n con anticipaci\u00f3n las fechas para la segunda dosis de las edades de 40 a 49 a\u00f1os.<\/p>\n<p>&nbsp;<\/p>\n<p>&nbsp;<\/p>\n","protected":false},"excerpt":{"rendered":"<p>Ju\u00e1rez, N.L.- El Gobierno Municipal de Ju\u00e1rez en coordinaci\u00f3n con la Secretar\u00eda de Bienestar y la Sedena, se reportan listos y preparados para la aplicaci\u00f3n de la primera dosis para todos los juarenses de 30 a 39 a\u00f1os. En esta ocasi\u00f3n las vacunas ser\u00e1n de la farmac\u00e9utica AstraZeneca y se estar\u00e1n aplicando los d\u00edas 29,30 [&hellip;]<\/p>\n","protected":false},"author":9,"featured_media":21061,"comment_status":"closed","ping_status":"closed","sticky":false,"template":"","format":"standard","meta":{"footnotes":""},"categories":[18],"tags":[3076,2768],"class_list":["post-21060","post","type-post","status-publish","format-standard","has-post-thumbnail","hentry","category-locales-juarez","tag-fuente-la-ultima-palabra","tag-vacunacion-covid-juarez"],"_links":{"self":[{"href":"https:\/\/laultimapalabra.com.mx\/portal\/wp-json\/wp\/v2\/posts\/21060","targetHints":{"allow":["GET"]}}],"collection":[{"href":"https:\/\/laultimapalabra.com.mx\/portal\/wp-json\/wp\/v2\/posts"}],"about":[{"href":"https:\/\/laultimapalabra.com.mx\/portal\/wp-json\/wp\/v2\/types\/post"}],"author":[{"embeddable":true,"href":"https:\/\/laultimapalabra.com.mx\/portal\/wp-json\/wp\/v2\/users\/9"}],"replies":[{"embeddable":true,"href":"https:\/\/laultimapalabra.com.mx\/portal\/wp-json\/wp\/v2\/comments?post=21060"}],"version-history":[{"count":2,"href":"https:\/\/laultimapalabra.com.mx\/portal\/wp-json\/wp\/v2\/posts\/21060\/revisions"}],"predecessor-version":[{"id":73614,"href":"https:\/\/laultimapalabra.com.mx\/portal\/wp-json\/wp\/v2\/posts\/21060\/revisions\/73614"}],"wp:featuredmedia":[{"embeddable":true,"href":"https:\/\/laultimapalabra.com.mx\/portal\/wp-json\/wp\/v2\/media\/21061"}],"wp:attachment":[{"href":"https:\/\/laultimapalabra.com.mx\/portal\/wp-json\/wp\/v2\/media?parent=21060"}],"wp:term":[{"taxonomy":"category","embeddable":true,"href":"https:\/\/laultimapalabra.com.mx\/portal\/wp-json\/wp\/v2\/categories?post=21060"},{"taxonomy":"post_tag","embeddable":true,"href":"https:\/\/laultimapalabra.com.mx\/portal\/wp-json\/wp\/v2\/tags?post=21060"}],"curies":[{"name":"wp","href":"https:\/\/api.w.org\/{rel}","templated":true}]}}