                       {"id":21063,"date":"2021-07-29T13:08:09","date_gmt":"2021-07-29T19:08:09","guid":{"rendered":"https:\/\/laultimapalabra.com.mx\/portal\/?p=21063"},"modified":"2024-12-11T10:15:09","modified_gmt":"2024-12-11T16:15:09","slug":"resulta-menor-lesionada-en-choque-con-moto","status":"publish","type":"post","link":"https:\/\/laultimapalabra.com.mx\/portal\/resulta-menor-lesionada-en-choque-con-moto\/","title":{"rendered":"Resulta menor lesionada en choque con moto"},"content":{"rendered":"<p><span style=\"font-size: 1rem;\"><img loading=\"lazy\" decoding=\"async\" class=\"size-medium wp-image-21089 alignleft\" src=\"https:\/\/laultimapalabra.com.mx\/portal\/wp-content\/uploads\/2021\/07\/IMG-20210729-WA0006-300x169.jpg\" alt=\"\" width=\"300\" height=\"169\" srcset=\"https:\/\/laultimapalabra.com.mx\/portal\/wp-content\/uploads\/2021\/07\/IMG-20210729-WA0006-300x169.jpg 300w, https:\/\/laultimapalabra.com.mx\/portal\/wp-content\/uploads\/2021\/07\/IMG-20210729-WA0006.jpg 720w\" sizes=\"auto, (max-width: 300px) 100vw, 300px\" \/>Cadereyta Jim\u00e9nez, N.L.- Una joven menor de edad quien viajaba en una moto resulto lesionado luego de que su medio de trasporte fuera impactado por un vehiculo Volkswagen tipo Jetta color gris en la colonia El Rosario en el municipio de Cadereyta.<\/span><\/p>\n<p>El percance se suscit\u00f3 la tarde de ayer en las calles Pedro Moreno entre L\u00f3pez Mateos y R\u00edo La Silla, donde tras el accidente la joven fue llevada por Servicios de Emergencia Cadereyta para su valoraci\u00f3n, ya que se presum\u00eda no sufri\u00f3 fracturas ni heridas graves.<\/p>\n<p>Fuente: La \u00daltima Palabra<\/p>\n","protected":false},"excerpt":{"rendered":"<p>Cadereyta Jim\u00e9nez, N.L.- Una joven menor de edad quien viajaba en una moto resulto lesionado luego de que su medio de trasporte fuera impactado por un vehiculo Volkswagen tipo Jetta color gris en la colonia El Rosario en el municipio de Cadereyta. El percance se suscit\u00f3 la tarde de ayer en las calles Pedro Moreno [&hellip;]<\/p>\n","protected":false},"author":9,"featured_media":21089,"comment_status":"closed","ping_status":"closed","sticky":false,"template":"","format":"standard","meta":{"footnotes":""},"categories":[17],"tags":[2747,3076],"class_list":["post-21063","post","type-post","status-publish","format-standard","has-post-thumbnail","hentry","category-locales-cadereyta","tag-accidentes-viales-cadereyta","tag-fuente-la-ultima-palabra"],"_links":{"self":[{"href":"https:\/\/laultimapalabra.com.mx\/portal\/wp-json\/wp\/v2\/posts\/21063","targetHints":{"allow":["GET"]}}],"collection":[{"href":"https:\/\/laultimapalabra.com.mx\/portal\/wp-json\/wp\/v2\/posts"}],"about":[{"href":"https:\/\/laultimapalabra.com.mx\/portal\/wp-json\/wp\/v2\/types\/post"}],"author":[{"embeddable":true,"href":"https:\/\/laultimapalabra.com.mx\/portal\/wp-json\/wp\/v2\/users\/9"}],"replies":[{"embeddable":true,"href":"https:\/\/laultimapalabra.com.mx\/portal\/wp-json\/wp\/v2\/comments?post=21063"}],"version-history":[{"count":3,"href":"https:\/\/laultimapalabra.com.mx\/portal\/wp-json\/wp\/v2\/posts\/21063\/revisions"}],"predecessor-version":[{"id":73616,"href":"https:\/\/laultimapalabra.com.mx\/portal\/wp-json\/wp\/v2\/posts\/21063\/revisions\/73616"}],"wp:featuredmedia":[{"embeddable":true,"href":"https:\/\/laultimapalabra.com.mx\/portal\/wp-json\/wp\/v2\/media\/21089"}],"wp:attachment":[{"href":"https:\/\/laultimapalabra.com.mx\/portal\/wp-json\/wp\/v2\/media?parent=21063"}],"wp:term":[{"taxonomy":"category","embeddable":true,"href":"https:\/\/laultimapalabra.com.mx\/portal\/wp-json\/wp\/v2\/categories?post=21063"},{"taxonomy":"post_tag","embeddable":true,"href":"https:\/\/laultimapalabra.com.mx\/portal\/wp-json\/wp\/v2\/tags?post=21063"}],"curies":[{"name":"wp","href":"https:\/\/api.w.org\/{rel}","templated":true}]}}