                       {"id":21066,"date":"2021-07-29T13:13:08","date_gmt":"2021-07-29T19:13:08","guid":{"rendered":"https:\/\/laultimapalabra.com.mx\/portal\/?p=21066"},"modified":"2024-12-11T10:15:09","modified_gmt":"2024-12-11T16:15:09","slug":"fuerte-volcadura-sobre-la-cadereyta-allende","status":"publish","type":"post","link":"https:\/\/laultimapalabra.com.mx\/portal\/fuerte-volcadura-sobre-la-cadereyta-allende\/","title":{"rendered":"Fuerte volcadura sobre la Cadereyta-Allende"},"content":{"rendered":"<p><span style=\"font-size: 1rem;\"><img loading=\"lazy\" decoding=\"async\" class=\"size-medium wp-image-21091 alignleft\" src=\"https:\/\/laultimapalabra.com.mx\/portal\/wp-content\/uploads\/2021\/07\/IMG-20210729-WA0008-300x225.jpg\" alt=\"\" width=\"300\" height=\"225\" srcset=\"https:\/\/laultimapalabra.com.mx\/portal\/wp-content\/uploads\/2021\/07\/IMG-20210729-WA0008-300x225.jpg 300w, https:\/\/laultimapalabra.com.mx\/portal\/wp-content\/uploads\/2021\/07\/IMG-20210729-WA0008-1024x768.jpg 1024w, https:\/\/laultimapalabra.com.mx\/portal\/wp-content\/uploads\/2021\/07\/IMG-20210729-WA0008-768x576.jpg 768w, https:\/\/laultimapalabra.com.mx\/portal\/wp-content\/uploads\/2021\/07\/IMG-20210729-WA0008-1536x1152.jpg 1536w, https:\/\/laultimapalabra.com.mx\/portal\/wp-content\/uploads\/2021\/07\/IMG-20210729-WA0008.jpg 1600w\" sizes=\"auto, (max-width: 300px) 100vw, 300px\" \/>Cadereyta Jim\u00e9nez, N.L.- Una fuerte volcadura fue protagonizada la tarde de ayer por un veh\u00edculo tipo Beetle en color verde justo en el km 7 de la carretera Cadereyta-Allende a la altura de El Castillo.<\/span><\/p>\n<p>En el siniestro resultaron tres personas lesionadas que fueron trasladadas a una cl\u00ednica de la localidad para su atenci\u00f3n m\u00e9dica.<br \/>\nEl percance vial trascendi\u00f3 se debi\u00f3 al exceso de velocidad de la unidad, que tras irse contra el muro de contenci\u00f3n se volc\u00f3.<\/p>\n<p>Fuente: La \u00daltima Palabra<\/p>\n","protected":false},"excerpt":{"rendered":"<p>Cadereyta Jim\u00e9nez, N.L.- Una fuerte volcadura fue protagonizada la tarde de ayer por un veh\u00edculo tipo Beetle en color verde justo en el km 7 de la carretera Cadereyta-Allende a la altura de El Castillo. En el siniestro resultaron tres personas lesionadas que fueron trasladadas a una cl\u00ednica de la localidad para su atenci\u00f3n m\u00e9dica. [&hellip;]<\/p>\n","protected":false},"author":9,"featured_media":21090,"comment_status":"closed","ping_status":"closed","sticky":false,"template":"","format":"standard","meta":{"footnotes":""},"categories":[17],"tags":[2747,3089],"class_list":["post-21066","post","type-post","status-publish","format-standard","has-post-thumbnail","hentry","category-locales-cadereyta","tag-accidentes-viales-cadereyta","tag-fuenta_milenio"],"_links":{"self":[{"href":"https:\/\/laultimapalabra.com.mx\/portal\/wp-json\/wp\/v2\/posts\/21066","targetHints":{"allow":["GET"]}}],"collection":[{"href":"https:\/\/laultimapalabra.com.mx\/portal\/wp-json\/wp\/v2\/posts"}],"about":[{"href":"https:\/\/laultimapalabra.com.mx\/portal\/wp-json\/wp\/v2\/types\/post"}],"author":[{"embeddable":true,"href":"https:\/\/laultimapalabra.com.mx\/portal\/wp-json\/wp\/v2\/users\/9"}],"replies":[{"embeddable":true,"href":"https:\/\/laultimapalabra.com.mx\/portal\/wp-json\/wp\/v2\/comments?post=21066"}],"version-history":[{"count":3,"href":"https:\/\/laultimapalabra.com.mx\/portal\/wp-json\/wp\/v2\/posts\/21066\/revisions"}],"predecessor-version":[{"id":73618,"href":"https:\/\/laultimapalabra.com.mx\/portal\/wp-json\/wp\/v2\/posts\/21066\/revisions\/73618"}],"wp:featuredmedia":[{"embeddable":true,"href":"https:\/\/laultimapalabra.com.mx\/portal\/wp-json\/wp\/v2\/media\/21090"}],"wp:attachment":[{"href":"https:\/\/laultimapalabra.com.mx\/portal\/wp-json\/wp\/v2\/media?parent=21066"}],"wp:term":[{"taxonomy":"category","embeddable":true,"href":"https:\/\/laultimapalabra.com.mx\/portal\/wp-json\/wp\/v2\/categories?post=21066"},{"taxonomy":"post_tag","embeddable":true,"href":"https:\/\/laultimapalabra.com.mx\/portal\/wp-json\/wp\/v2\/tags?post=21066"}],"curies":[{"name":"wp","href":"https:\/\/api.w.org\/{rel}","templated":true}]}}