                       {"id":2115,"date":"2018-06-15T00:24:00","date_gmt":"2018-06-15T00:24:00","guid":{"rendered":"http:\/\/laultimapalabra.info\/?p=2115"},"modified":"2024-12-11T08:37:16","modified_gmt":"2024-12-11T14:37:16","slug":"recorre-sabas-centro-de-cadereyta","status":"publish","type":"post","link":"https:\/\/laultimapalabra.com.mx\/portal\/recorre-sabas-centro-de-cadereyta\/","title":{"rendered":"Recorre Sab\u00e1s centro de Cadereyta"},"content":{"rendered":"<p style=\"text-align: justify;\"><img loading=\"lazy\" decoding=\"async\" class=\"size-medium wp-image-2117 alignleft\" src=\"https:\/\/laultimapalabra.com.mx\/portal\/wp-content\/uploads\/2018\/06\/ESTA-1-2-300x225.jpg\" alt=\"\" width=\"300\" height=\"225\" \/>CADEREYTA JIM\u00c9NEZ, N.L.-<br \/>\nEl pasado mi\u00e9rcoles 13 de junio, el candidato a la alcald\u00eda de Cadereyta por el Partido Nueva Alianza, Doctor Sab\u00e1s Ren\u00e9 Tamez P\u00e9rez, pint\u00f3 de turquesa el centro de Cadereyta, al visitar la plaza principal y otros lugares enclavados en el primer cuadro de la ciudad.<br \/>\nEl m\u00e9dico camin\u00f3 en la plaza principal con la gente, con quienes convivi\u00f3, brome\u00f3 y pos\u00f3 para muchas fotos con los presentes, quienes escucharon sus propuestas y prometieron su apoyo al m\u00e9dico.<\/p>\n","protected":false},"excerpt":{"rendered":"<p>CADEREYTA JIM\u00c9NEZ, N.L.- El pasado mi\u00e9rcoles 13 de junio, el candidato a la alcald\u00eda de Cadereyta por el Partido Nueva Alianza, Doctor Sab\u00e1s Ren\u00e9 Tamez P\u00e9rez, pint\u00f3 de turquesa el centro de Cadereyta, al visitar la plaza principal y otros lugares enclavados en el primer cuadro de la ciudad. El m\u00e9dico camin\u00f3 en la plaza [&hellip;]<\/p>\n","protected":false},"author":9,"featured_media":2117,"comment_status":"open","ping_status":"closed","sticky":false,"template":"","format":"standard","meta":{"footnotes":""},"categories":[17],"tags":[881,1725],"class_list":["post-2115","post","type-post","status-publish","format-standard","has-post-thumbnail","hentry","category-locales-cadereyta","tag-dr-sabas-tamez-perez","tag-partido-nueva-alianza"],"_links":{"self":[{"href":"https:\/\/laultimapalabra.com.mx\/portal\/wp-json\/wp\/v2\/posts\/2115","targetHints":{"allow":["GET"]}}],"collection":[{"href":"https:\/\/laultimapalabra.com.mx\/portal\/wp-json\/wp\/v2\/posts"}],"about":[{"href":"https:\/\/laultimapalabra.com.mx\/portal\/wp-json\/wp\/v2\/types\/post"}],"author":[{"embeddable":true,"href":"https:\/\/laultimapalabra.com.mx\/portal\/wp-json\/wp\/v2\/users\/9"}],"replies":[{"embeddable":true,"href":"https:\/\/laultimapalabra.com.mx\/portal\/wp-json\/wp\/v2\/comments?post=2115"}],"version-history":[{"count":1,"href":"https:\/\/laultimapalabra.com.mx\/portal\/wp-json\/wp\/v2\/posts\/2115\/revisions"}],"predecessor-version":[{"id":64145,"href":"https:\/\/laultimapalabra.com.mx\/portal\/wp-json\/wp\/v2\/posts\/2115\/revisions\/64145"}],"wp:featuredmedia":[{"embeddable":true,"href":"https:\/\/laultimapalabra.com.mx\/portal\/wp-json\/"}],"wp:attachment":[{"href":"https:\/\/laultimapalabra.com.mx\/portal\/wp-json\/wp\/v2\/media?parent=2115"}],"wp:term":[{"taxonomy":"category","embeddable":true,"href":"https:\/\/laultimapalabra.com.mx\/portal\/wp-json\/wp\/v2\/categories?post=2115"},{"taxonomy":"post_tag","embeddable":true,"href":"https:\/\/laultimapalabra.com.mx\/portal\/wp-json\/wp\/v2\/tags?post=2115"}],"curies":[{"name":"wp","href":"https:\/\/api.w.org\/{rel}","templated":true}]}}